{"id":130,"date":"2021-04-23T09:43:43","date_gmt":"2021-04-23T09:43:43","guid":{"rendered":"https:\/\/www.espriu.es\/blog\/?p=130"},"modified":"2021-04-23T09:43:45","modified_gmt":"2021-04-23T09:43:45","slug":"mesas-regulables-en-altura","status":"publish","type":"post","link":"https:\/\/www.espriu.es\/blog\/2021\/04\/23\/mesas-regulables-en-altura\/","title":{"rendered":"Mesas regulables en altura. Trabajar con el m\u00e1ximo confort"},"content":{"rendered":"\n<p>Las mesas regulables en altura est\u00e1n arrasando en las \u00faltimas tendencias respecto a mobiliario de oficina.<\/p>\n\n\n\n<p>El trabajo de oficina propiamente dicho ya no es lo que era, ahora se busca el dinamismo y la comodidad por encima de todo.<\/p>\n\n\n\n<p>Lo ideal es encontrar el equilibrio entre pasar muchas horas sentados y muchas de pie.<\/p>\n\n\n\n<p>En el art\u00edculo de hoy os contamos las ventajas de elegir mesas regulables para nuestro espacio de trabajo.<\/p>\n\n\n\n<h3>\u00bfQu\u00e9 son las mesas regulables en altura?<\/h3>\n\n\n\n<p>Las mesas regulables son aquellas que nos permiten ajustar la altura que deseamos a la hora de trabajar. <\/p>\n\n\n\n<figure class=\"wp-block-image size-large\"><a href=\"https:\/\/www.espriu.es\/mesa-oficina\/653-42193-mesa-talent.html#\/5471-estructura-aluminio_mate\/9531-color-blanco_00\/21975-1_dimensiones-69_x_69\"><img loading=\"lazy\" width=\"1024\" height=\"1024\" src=\"https:\/\/www.espriu.es\/blog\/wp-content\/uploads\/2021\/04\/Isabella-1024x1024.png\" alt=\"\" class=\"wp-image-131\" srcset=\"https:\/\/www.espriu.es\/blog\/wp-content\/uploads\/2021\/04\/Isabella-1024x1024.png 1024w, https:\/\/www.espriu.es\/blog\/wp-content\/uploads\/2021\/04\/Isabella-300x300.png 300w, https:\/\/www.espriu.es\/blog\/wp-content\/uploads\/2021\/04\/Isabella-768x768.png 768w, https:\/\/www.espriu.es\/blog\/wp-content\/uploads\/2021\/04\/Isabella.png 1080w\" sizes=\"(max-width: 1024px) 100vw, 1024px\" \/><\/a><figcaption><a href=\"https:\/\/www.espriu.es\/mesa-oficina\/653-42193-mesa-talent.html#\/5471-estructura-aluminio_mate\/9531-color-blanco_00\/21975-1_dimensiones-69_x_69\">Mesa Talent<\/a><\/figcaption><\/figure>\n\n\n\n<p>Puede ser mediante un mecanismo manual o el\u00e9ctrico. Lo fundamental es que podemos cambiar de postura seg\u00fan nuestra necesidad o simplemente para sentirnos m\u00e1s c\u00f3modos.<\/p>\n\n\n\n<h3>Ventajas de las mesas regulables<\/h3>\n\n\n\n<p>Los que desempe\u00f1amos trabajos de oficina podemos llegar a pasar hasta 10 horas sentados, las 8 horas de nuestra jornada laboral m\u00e1s el tiempo que nos sentamos a ver la tv, a leer o el trayecto en coche, por ejemplo.<\/p>\n\n\n\n<p>Con esos tiempos, es dif\u00edcil que nuestros m\u00fasculos, sobre todo los de nuestra espalda no se sientan resentidos.<\/p>\n\n\n\n<p>La principal ventaja en ese sentido de una mesa regulable es que nos permite cambiar de postura, por lo que podemos estirar los m\u00fasculos y evitar que se agarroten. <\/p>\n\n\n\n<figure class=\"wp-block-image size-large\"><a href=\"https:\/\/www.espriu.es\/mesa-oficina\/636-44045-mesa-skala-forma-5.html#\/5515-estructura-blanco\/9544-1_dimensiones-120_x_80_cm\/13235-color-roble_or\/19610-faldon-no\/21938-elegir_el_sistema_de_electrificacion-basico\/22943-deseas_acceso_cableado-no\"><img loading=\"lazy\" width=\"1024\" height=\"1024\" src=\"https:\/\/www.espriu.es\/blog\/wp-content\/uploads\/2021\/04\/Isabella-2-1024x1024.png\" alt=\"\" class=\"wp-image-133\" srcset=\"https:\/\/www.espriu.es\/blog\/wp-content\/uploads\/2021\/04\/Isabella-2-1024x1024.png 1024w, https:\/\/www.espriu.es\/blog\/wp-content\/uploads\/2021\/04\/Isabella-2-300x300.png 300w, https:\/\/www.espriu.es\/blog\/wp-content\/uploads\/2021\/04\/Isabella-2-768x768.png 768w, https:\/\/www.espriu.es\/blog\/wp-content\/uploads\/2021\/04\/Isabella-2.png 1080w\" sizes=\"(max-width: 1024px) 100vw, 1024px\" \/><\/a><figcaption><a href=\"https:\/\/www.espriu.es\/mesa-oficina\/636-44045-mesa-skala-forma-5.html#\/5515-estructura-blanco\/9544-1_dimensiones-120_x_80_cm\/13235-color-roble_or\/19610-faldon-no\/21938-elegir_el_sistema_de_electrificacion-basico\/22943-deseas_acceso_cableado-no\">Mesa Skala Forma 5<\/a><\/figcaption><\/figure>\n\n\n\n<p>El cambio regular de postura, har\u00e1 que evitemos en la medida de lo posible dolores y contracturas.<\/p>\n\n\n\n<p>Adem\u00e1s ayudar\u00e1 a que tengamos una mejor circulaci\u00f3n al no estar todo el tiempo en una misma postura.<\/p>\n\n\n\n<p>El sedentarismo aumenta el riesgo de padecer enfermedades cardiovasculares, colesterol o problemas circulatorios, entre otros.<\/p>\n\n\n\n<p>La otra gran ventaja es su versatilidad. El entorno de trabajo ha cambiado y con \u00e9l tambi\u00e9n el modo de trabajar y nuestra relaci\u00f3n con los compa\u00f1eros de trabajo.<\/p>\n\n\n\n<figure class=\"wp-block-image size-large\"><a href=\"https:\/\/www.espriu.es\/mesa-oficina\/754-45483-mesa-mobility-step-2.html#\/5515-estructura-blanco\/9531-color-blanco_00\/15640-necesitas_completar_tu_mesa_con_separador_divisoria-no\/19793-bandeja_metalica_pasacables-no\/21591-1_dimensiones-140_x_164_cm\/21996-necesita_acceso_a_cableado-no_no_lo_necesito\"><img loading=\"lazy\" width=\"1024\" height=\"1024\" src=\"https:\/\/www.espriu.es\/blog\/wp-content\/uploads\/2021\/04\/Isabella-1-1024x1024.png\" alt=\"\" class=\"wp-image-132\" srcset=\"https:\/\/www.espriu.es\/blog\/wp-content\/uploads\/2021\/04\/Isabella-1-1024x1024.png 1024w, https:\/\/www.espriu.es\/blog\/wp-content\/uploads\/2021\/04\/Isabella-1-300x300.png 300w, https:\/\/www.espriu.es\/blog\/wp-content\/uploads\/2021\/04\/Isabella-1-768x768.png 768w, https:\/\/www.espriu.es\/blog\/wp-content\/uploads\/2021\/04\/Isabella-1.png 1080w\" sizes=\"(max-width: 1024px) 100vw, 1024px\" \/><\/a><figcaption><a href=\"https:\/\/www.espriu.es\/mesa-oficina\/754-45483-mesa-mobility-step-2.html#\/5515-estructura-blanco\/9531-color-blanco_00\/15640-necesitas_completar_tu_mesa_con_separador_divisoria-no\/19793-bandeja_metalica_pasacables-no\/21591-1_dimensiones-140_x_164_cm\/21996-necesita_acceso_a_cableado-no_no_lo_necesito\">Mesa Mobility Step Doble\u00a0<\/a><\/figcaption><\/figure>\n\n\n\n<p>Una mesa elevable puede convertirse en un punto de encuentro para una reuni\u00f3n de trabajo o para una puesta en com\u00fan.<\/p>\n\n\n\n<p>Hay puestos de trabajo multitarea en los que podemos necesitar estar sentados durante un rato para despu\u00e9s realizar una tarea m\u00e1s manual en la que estaremos m\u00e1s c\u00f3modos de pie.<\/p>\n\n\n\n<p>Si te acabas de dar cuenta que necesitas una mesa regulable en altura en tu vida, visita <a href=\"https:\/\/www.espriu.es\/73-mesa-regulable-altura\">nuestra web<\/a> y mira todas las que tenemos.<\/p>\n\n\n\n<p>Si tienes cualquier duda, contacta con nosotros \ud83d\ude09<\/p>\n","protected":false},"excerpt":{"rendered":"<p>Las mesas regulables en altura est\u00e1n arrasando en las \u00faltimas tendencias respecto a mobiliario de oficina. El trabajo de oficina propiamente dicho ya no es lo que era, ahora se busca el dinamismo y la comodidad por encima de todo. Lo ideal es encontrar el equilibrio entre pasar muchas horas sentados y muchas de pie. [&hellip;]<\/p>\n","protected":false},"author":1,"featured_media":134,"comment_status":"open","ping_status":"open","sticky":false,"template":"","format":"standard","meta":[],"categories":[1],"tags":[35,34,15],"yoast_head":"<!-- This site is optimized with the Yoast SEO plugin v15.6.2 - https:\/\/yoast.com\/wordpress\/plugins\/seo\/ -->\n<title>Mesas regulables en altura. Trabajar con el m\u00e1ximo confort - Espriu Blog<\/title>\n<meta name=\"description\" content=\"El trabajo de oficina ya no es lo que era. Hoy os contamos las ventajas de elegir mesas regulables para nuestro espacio de trabajo.\" \/>\n<meta name=\"robots\" content=\"index, follow, max-snippet:-1, max-image-preview:large, max-video-preview:-1\" \/>\n<link rel=\"canonical\" href=\"https:\/\/www.espriu.es\/blog\/2021\/04\/23\/mesas-regulables-en-altura\/\" \/>\n<meta property=\"og:locale\" content=\"es_ES\" \/>\n<meta property=\"og:type\" content=\"article\" \/>\n<meta property=\"og:title\" content=\"Mesas regulables en altura. Trabajar con el m\u00e1ximo confort - Espriu Blog\" \/>\n<meta property=\"og:description\" content=\"El trabajo de oficina ya no es lo que era. Hoy os contamos las ventajas de elegir mesas regulables para nuestro espacio de trabajo.\" \/>\n<meta property=\"og:url\" content=\"https:\/\/www.espriu.es\/blog\/2021\/04\/23\/mesas-regulables-en-altura\/\" \/>\n<meta property=\"og:site_name\" content=\"Espriu Blog\" \/>\n<meta property=\"article:publisher\" content=\"https:\/\/www.facebook.com\/espriu.mobiliario\/\" \/>\n<meta property=\"article:published_time\" content=\"2021-04-23T09:43:43+00:00\" \/>\n<meta property=\"article:modified_time\" content=\"2021-04-23T09:43:45+00:00\" \/>\n<meta property=\"og:image\" content=\"https:\/\/www.espriu.es\/blog\/wp-content\/uploads\/2021\/04\/Isabella-3.png\" \/>\n\t<meta property=\"og:image:width\" content=\"1080\" \/>\n\t<meta property=\"og:image:height\" content=\"1080\" \/>\n<meta name=\"twitter:card\" content=\"summary_large_image\" \/>\n<meta name=\"twitter:creator\" content=\"@Espriumobiliar1\" \/>\n<meta name=\"twitter:site\" content=\"@Espriumobiliar1\" \/>\n<meta name=\"twitter:label1\" content=\"Tiempo de lectura\">\n\t<meta name=\"twitter:data1\" content=\"3 minutos\">\n<script type=\"application\/ld+json\" class=\"yoast-schema-graph\">{\"@context\":\"https:\/\/schema.org\",\"@graph\":[{\"@type\":\"WebSite\",\"@id\":\"https:\/\/www.espriu.es\/blog\/#website\",\"url\":\"https:\/\/www.espriu.es\/blog\/\",\"name\":\"Blog Espriu Mobiliario de Oficina y Teletrabajo\",\"description\":\"Blog Espriu.es - Mobiliario de oficina\",\"potentialAction\":[{\"@type\":\"SearchAction\",\"target\":\"https:\/\/www.espriu.es\/blog\/?s={search_term_string}\",\"query-input\":\"required name=search_term_string\"}],\"inLanguage\":\"es\"},{\"@type\":\"ImageObject\",\"@id\":\"https:\/\/www.espriu.es\/blog\/2021\/04\/23\/mesas-regulables-en-altura\/#primaryimage\",\"inLanguage\":\"es\",\"url\":\"https:\/\/www.espriu.es\/blog\/wp-content\/uploads\/2021\/04\/Isabella-3.png\",\"width\":1080,\"height\":1080},{\"@type\":\"WebPage\",\"@id\":\"https:\/\/www.espriu.es\/blog\/2021\/04\/23\/mesas-regulables-en-altura\/#webpage\",\"url\":\"https:\/\/www.espriu.es\/blog\/2021\/04\/23\/mesas-regulables-en-altura\/\",\"name\":\"Mesas regulables en altura. Trabajar con el m\\u00e1ximo confort - Espriu Blog\",\"isPartOf\":{\"@id\":\"https:\/\/www.espriu.es\/blog\/#website\"},\"primaryImageOfPage\":{\"@id\":\"https:\/\/www.espriu.es\/blog\/2021\/04\/23\/mesas-regulables-en-altura\/#primaryimage\"},\"datePublished\":\"2021-04-23T09:43:43+00:00\",\"dateModified\":\"2021-04-23T09:43:45+00:00\",\"author\":{\"@id\":\"https:\/\/www.espriu.es\/blog\/#\/schema\/person\/6c8e8e762449686d4557bc3d733054e1\"},\"description\":\"El trabajo de oficina ya no es lo que era. Hoy os contamos las ventajas de elegir mesas regulables para nuestro espacio de trabajo.\",\"inLanguage\":\"es\",\"potentialAction\":[{\"@type\":\"ReadAction\",\"target\":[\"https:\/\/www.espriu.es\/blog\/2021\/04\/23\/mesas-regulables-en-altura\/\"]}]},{\"@type\":\"Person\",\"@id\":\"https:\/\/www.espriu.es\/blog\/#\/schema\/person\/6c8e8e762449686d4557bc3d733054e1\",\"name\":\"Espriu\",\"image\":{\"@type\":\"ImageObject\",\"@id\":\"https:\/\/www.espriu.es\/blog\/#personlogo\",\"inLanguage\":\"es\",\"url\":\"https:\/\/secure.gravatar.com\/avatar\/3f26188c3f4a4dfed016f22d4d35f33b?s=96&d=mm&r=g\",\"caption\":\"Espriu\"},\"sameAs\":[\"http:\/\/espriu.comercial.cc\/blog\"]}]}<\/script>\n<!-- \/ Yoast SEO plugin. -->","_links":{"self":[{"href":"https:\/\/www.espriu.es\/blog\/wp-json\/wp\/v2\/posts\/130"}],"collection":[{"href":"https:\/\/www.espriu.es\/blog\/wp-json\/wp\/v2\/posts"}],"about":[{"href":"https:\/\/www.espriu.es\/blog\/wp-json\/wp\/v2\/types\/post"}],"author":[{"embeddable":true,"href":"https:\/\/www.espriu.es\/blog\/wp-json\/wp\/v2\/users\/1"}],"replies":[{"embeddable":true,"href":"https:\/\/www.espriu.es\/blog\/wp-json\/wp\/v2\/comments?post=130"}],"version-history":[{"count":2,"href":"https:\/\/www.espriu.es\/blog\/wp-json\/wp\/v2\/posts\/130\/revisions"}],"predecessor-version":[{"id":343,"href":"https:\/\/www.espriu.es\/blog\/wp-json\/wp\/v2\/posts\/130\/revisions\/343"}],"wp:featuredmedia":[{"embeddable":true,"href":"https:\/\/www.espriu.es\/blog\/wp-json\/wp\/v2\/media\/134"}],"wp:attachment":[{"href":"https:\/\/www.espriu.es\/blog\/wp-json\/wp\/v2\/media?parent=130"}],"wp:term":[{"taxonomy":"category","embeddable":true,"href":"https:\/\/www.espriu.es\/blog\/wp-json\/wp\/v2\/categories?post=130"},{"taxonomy":"post_tag","embeddable":true,"href":"https:\/\/www.espriu.es\/blog\/wp-json\/wp\/v2\/tags?post=130"}],"curies":[{"name":"wp","href":"https:\/\/api.w.org\/{rel}","templated":true}]}}