{"id":190,"date":"2021-06-23T11:09:41","date_gmt":"2021-06-23T11:09:41","guid":{"rendered":"https:\/\/www.espriu.es\/blog\/?p=190"},"modified":"2021-06-23T11:14:11","modified_gmt":"2021-06-23T11:14:11","slug":"teletrabajo-y-vacaciones-escolares-consejos-para-superarlo","status":"publish","type":"post","link":"https:\/\/www.espriu.es\/blog\/2021\/06\/23\/teletrabajo-y-vacaciones-escolares-consejos-para-superarlo\/","title":{"rendered":"Teletrabajo y vacaciones escolares: Consejos para superarlo"},"content":{"rendered":"\n<p>El teletrabajo lleg\u00f3 a nuestras vidas como consecuencia de la pandemia y muchos tuvimos meses de perfecta conciliaci\u00f3n entre trabajo y vida familiar.<\/p>\n\n\n\n<p>Nos ahorramos madrugones horribles, atascos y hacer malabares con las distintas actividades de la familia al cabo del d\u00eda.<\/p>\n\n\n\n<p>Pero a parte de estos beneficios, tambi\u00e9n nos trajo d\u00edas enteros con los ni\u00f1os en casa, mientras nosotros intent\u00e1bamos cumplir con nuestras obligaciones laborales.<\/p>\n\n\n\n<p>Muchos nos hemos abonado al teletrabajo y a sus comodidades y ahora que llegan las largas vacaciones estivales se nos plantea el mismo problema: \u00bfqu\u00e9 hacemos con los ni\u00f1os?<\/p>\n\n\n\n<p>En el art\u00edculo de hoy os damos algunos consejos para superarlo.<\/p>\n\n\n\n<h2>La organizaci\u00f3n, fundamental<\/h2>\n\n\n\n<p>Aunque para los ni\u00f1os la palabra \u00abvacaciones\u00bb significa no tener obligaciones ni horarios, lo cierto es que debemos establecer una rutina.<\/p>\n\n\n\n<p>Est\u00e1 claro que podemos ser m\u00e1s flexibles, pero deben existir unos l\u00edmites, sobre todo si nosotros tenemos que trabajar.<\/p>\n\n\n\n<p>Los ni\u00f1os suelen levantarse m\u00e1s tarde en vacaciones, por lo que podemos  variar ligeramente nuestro horario y levantarnos m\u00e1s temprano para aprovechar ese tiempo de calma hasta que los peques se despierten.<\/p>\n\n\n\n<figure class=\"wp-block-image size-large is-resized\"><img loading=\"lazy\" src=\"https:\/\/www.espriu.es\/blog\/wp-content\/uploads\/2021\/06\/tina-witherspoon-ePu9rM_ud7g-unsplash-1-684x1024.jpg\" alt=\"\" class=\"wp-image-199\" width=\"342\" height=\"512\" srcset=\"https:\/\/www.espriu.es\/blog\/wp-content\/uploads\/2021\/06\/tina-witherspoon-ePu9rM_ud7g-unsplash-1-684x1024.jpg 684w, https:\/\/www.espriu.es\/blog\/wp-content\/uploads\/2021\/06\/tina-witherspoon-ePu9rM_ud7g-unsplash-1-200x300.jpg 200w, https:\/\/www.espriu.es\/blog\/wp-content\/uploads\/2021\/06\/tina-witherspoon-ePu9rM_ud7g-unsplash-1-768x1150.jpg 768w, https:\/\/www.espriu.es\/blog\/wp-content\/uploads\/2021\/06\/tina-witherspoon-ePu9rM_ud7g-unsplash-1-1025x1536.jpg 1025w, https:\/\/www.espriu.es\/blog\/wp-content\/uploads\/2021\/06\/tina-witherspoon-ePu9rM_ud7g-unsplash-1-1367x2048.jpg 1367w, https:\/\/www.espriu.es\/blog\/wp-content\/uploads\/2021\/06\/tina-witherspoon-ePu9rM_ud7g-unsplash-1-scaled.jpg 1709w\" sizes=\"(max-width: 342px) 100vw, 342px\" \/><\/figure>\n\n\n\n<p>As\u00ed podremos aprovechar y tener tal vez un par de horas m\u00e1s productivas. Adem\u00e1s, si comenzamos antes, tambi\u00e9n terminaremos antes y podremos hacer planes con ellos.<\/p>\n\n\n\n<p>Podemos organizarles actividades para que se diviertan y est\u00e9n entretenidos. Hay muchas p\u00e1ginas web en las que podemos encontrar manualidades.<\/p>\n\n\n\n<p>Les encantar\u00e1 si hacemos un planning semanal con manualidades que nos hayan gustado, compramos los materiales necesarios y cada d\u00eda hacen una.<\/p>\n\n\n\n<h2>La importancia de la separaci\u00f3n de espacios para el teletrabajo <\/h2>\n\n\n\n<p>Siempre os hemos dicho que es importante tener un espacio propio de teletrabajo. <\/p>\n\n\n\n<p>No sirve cualquier apa\u00f1o, nada de montar un puesto de trabajo improvisado en la mesa de la cocina.<\/p>\n\n\n\n<p>Habilitar una estancia en la que puedas concentrarte, con el mobiliario adecuado y con todo lo que necesites para llevar a cabo tu labor es fundamental.<\/p>\n\n\n\n<figure class=\"wp-block-image size-large is-resized\"><a href=\"https:\/\/www.espriu.es\/mesa-oficina\/749-45268-mesa-prisma-actiu-express.html#\/9544-1_dimensiones-120_x_80_cm\/23057-color_prisma-acacia_acacia\"><img loading=\"lazy\" src=\"https:\/\/www.espriu.es\/blog\/wp-content\/uploads\/2021\/06\/mesa-prisma-actiu-express-edited.jpg\" alt=\"\" class=\"wp-image-201\" width=\"446\" height=\"446\" srcset=\"https:\/\/www.espriu.es\/blog\/wp-content\/uploads\/2021\/06\/mesa-prisma-actiu-express-edited.jpg 595w, https:\/\/www.espriu.es\/blog\/wp-content\/uploads\/2021\/06\/mesa-prisma-actiu-express-edited-300x300.jpg 300w\" sizes=\"(max-width: 446px) 100vw, 446px\" \/><\/a><figcaption><a href=\"https:\/\/www.espriu.es\/mesa-oficina\/749-45268-mesa-prisma-actiu-express.html#\/9544-1_dimensiones-120_x_80_cm\/23057-color_prisma-acacia_acacia\">Mesa Prisma Actiu Express<\/a><\/figcaption><\/figure>\n\n\n\n<p>Y si adem\u00e1s tienes que lidiar con los ni\u00f1os en casa, disponer de un espacio tranquilo se convierte en prioritario.<\/p>\n\n\n\n<p>Eso no quiere decir que si tienes que estar pendiente de los peques, te a\u00edsles por completo, solo que no est\u00e9s en la misma habitaci\u00f3n donde ellos juegan o ven la televisi\u00f3n, ya que por muy bien que se porten no conseguir\u00e1s concentrarte.<\/p>\n\n\n\n<h2>Un tiempo para cada cosa<\/h2>\n\n\n\n<p>Aprovechar las primeras horas de la ma\u00f1ana, como os coment\u00e1bamos, es una buena opci\u00f3n para tener unas horas productivas antes de que los ni\u00f1os se despierten.<\/p>\n\n\n\n<p>Pero de igual modo, si comenzamos antes la jornada, tambi\u00e9n debemos finalizarla antes. <\/p>\n\n\n\n<p>O si habitualmente comemos en 20 minutos, podemos utilizar ese tiempo extra que hemos ganado por la ma\u00f1ana, para comer en familia con nuestros hijos, aunque tardemos un poquito m\u00e1s.<\/p>\n\n\n\n<figure class=\"wp-block-image size-large is-resized\"><img loading=\"lazy\" src=\"https:\/\/www.espriu.es\/blog\/wp-content\/uploads\/2021\/03\/whass-actiu-e1616585443290.jpg\" alt=\"\" class=\"wp-image-116\" width=\"500\" height=\"299\" srcset=\"https:\/\/www.espriu.es\/blog\/wp-content\/uploads\/2021\/03\/whass-actiu-e1616585443290.jpg 500w, https:\/\/www.espriu.es\/blog\/wp-content\/uploads\/2021\/03\/whass-actiu-e1616585443290-300x179.jpg 300w\" sizes=\"(max-width: 500px) 100vw, 500px\" \/><figcaption><a href=\"https:\/\/www.espriu.es\/sillas\/783-47435-whass-actiu.html#\/5509-color-polipropileno_blanco_01\/23204-tipo_base-5_radios_negra\">Silla Whass Actiu<\/a><\/figcaption><\/figure>\n\n\n\n<p>As\u00ed mismo, tambi\u00e9n podemos aprovechar los momentos de la siesta o si est\u00e1n entretenidos viendo alguna pel\u00edcula.<\/p>\n\n\n\n<p>Lo importante es administrar bien el tiempo, debemos de ser conscientes de que con ni\u00f1os en casa, nuestro tiempo de trabajo tenemos que organizarlo de otro modo y adaptarlo a las rutinas y necesidades de los m\u00e1s peque\u00f1os.<\/p>\n\n\n\n<p>Esto no significa necesariamente que perdamos productividad en nuestro trabajo, simplemente tenemos que adaptarnos y sobre todo disfrutar y ver el lado positivo del teletrabajo que nos brinda la posibilidad de pasar m\u00e1s tiempo con nuestros hijos.<\/p>\n\n\n\n<p>\u00a1\u00c1nimo!<\/p>\n","protected":false},"excerpt":{"rendered":"<p>El teletrabajo lleg\u00f3 a nuestras vidas como consecuencia de la pandemia y muchos tuvimos meses de perfecta conciliaci\u00f3n entre trabajo y vida familiar. Nos ahorramos madrugones horribles, atascos y hacer malabares con las distintas actividades de la familia al cabo del d\u00eda. Pero a parte de estos beneficios, tambi\u00e9n nos trajo d\u00edas enteros con los [&hellip;]<\/p>\n","protected":false},"author":1,"featured_media":198,"comment_status":"open","ping_status":"open","sticky":false,"template":"","format":"standard","meta":[],"categories":[10],"tags":[45,47,5],"yoast_head":"<!-- This site is optimized with the Yoast SEO plugin v15.6.2 - https:\/\/yoast.com\/wordpress\/plugins\/seo\/ -->\n<title>Teletrabajo y vacaciones escolares: Consejos para superarlo<\/title>\n<meta name=\"description\" content=\"Muchos seguimos con teletrabajo y ahora que llegan las largas vacaciones se nos plantea el mismo problema: \u00bfqu\u00e9 hacemos con los ni\u00f1os?\" \/>\n<meta name=\"robots\" content=\"index, follow, max-snippet:-1, max-image-preview:large, max-video-preview:-1\" \/>\n<link rel=\"canonical\" href=\"https:\/\/www.espriu.es\/blog\/2021\/06\/23\/teletrabajo-y-vacaciones-escolares-consejos-para-superarlo\/\" \/>\n<meta property=\"og:locale\" content=\"es_ES\" \/>\n<meta property=\"og:type\" content=\"article\" \/>\n<meta property=\"og:title\" content=\"Teletrabajo y vacaciones escolares: Consejos para superarlo\" \/>\n<meta property=\"og:description\" content=\"Muchos seguimos con teletrabajo y ahora que llegan las largas vacaciones se nos plantea el mismo problema: \u00bfqu\u00e9 hacemos con los ni\u00f1os?\" \/>\n<meta property=\"og:url\" content=\"https:\/\/www.espriu.es\/blog\/2021\/06\/23\/teletrabajo-y-vacaciones-escolares-consejos-para-superarlo\/\" \/>\n<meta property=\"og:site_name\" content=\"Espriu Blog\" \/>\n<meta property=\"article:publisher\" content=\"https:\/\/www.facebook.com\/espriu.mobiliario\/\" \/>\n<meta property=\"article:published_time\" content=\"2021-06-23T11:09:41+00:00\" \/>\n<meta property=\"article:modified_time\" content=\"2021-06-23T11:14:11+00:00\" \/>\n<meta property=\"og:image\" content=\"https:\/\/www.espriu.es\/blog\/wp-content\/uploads\/2021\/06\/brian-wangenheim-2pRimVfww38-unsplash-scaled-e1624446843457.jpg\" \/>\n\t<meta property=\"og:image:width\" content=\"440\" \/>\n\t<meta property=\"og:image:height\" content=\"660\" \/>\n<meta name=\"twitter:card\" content=\"summary_large_image\" \/>\n<meta name=\"twitter:creator\" content=\"@Espriumobiliar1\" \/>\n<meta name=\"twitter:site\" content=\"@Espriumobiliar1\" \/>\n<meta name=\"twitter:label1\" content=\"Tiempo de lectura\">\n\t<meta name=\"twitter:data1\" content=\"4 minutos\">\n<script type=\"application\/ld+json\" class=\"yoast-schema-graph\">{\"@context\":\"https:\/\/schema.org\",\"@graph\":[{\"@type\":\"WebSite\",\"@id\":\"https:\/\/www.espriu.es\/blog\/#website\",\"url\":\"https:\/\/www.espriu.es\/blog\/\",\"name\":\"Blog Espriu Mobiliario de Oficina y Teletrabajo\",\"description\":\"Blog Espriu.es - Mobiliario de oficina\",\"potentialAction\":[{\"@type\":\"SearchAction\",\"target\":\"https:\/\/www.espriu.es\/blog\/?s={search_term_string}\",\"query-input\":\"required name=search_term_string\"}],\"inLanguage\":\"es\"},{\"@type\":\"ImageObject\",\"@id\":\"https:\/\/www.espriu.es\/blog\/2021\/06\/23\/teletrabajo-y-vacaciones-escolares-consejos-para-superarlo\/#primaryimage\",\"inLanguage\":\"es\",\"url\":\"https:\/\/www.espriu.es\/blog\/wp-content\/uploads\/2021\/06\/brian-wangenheim-2pRimVfww38-unsplash-scaled-e1624446843457.jpg\",\"width\":440,\"height\":660},{\"@type\":\"WebPage\",\"@id\":\"https:\/\/www.espriu.es\/blog\/2021\/06\/23\/teletrabajo-y-vacaciones-escolares-consejos-para-superarlo\/#webpage\",\"url\":\"https:\/\/www.espriu.es\/blog\/2021\/06\/23\/teletrabajo-y-vacaciones-escolares-consejos-para-superarlo\/\",\"name\":\"Teletrabajo y vacaciones escolares: Consejos para superarlo\",\"isPartOf\":{\"@id\":\"https:\/\/www.espriu.es\/blog\/#website\"},\"primaryImageOfPage\":{\"@id\":\"https:\/\/www.espriu.es\/blog\/2021\/06\/23\/teletrabajo-y-vacaciones-escolares-consejos-para-superarlo\/#primaryimage\"},\"datePublished\":\"2021-06-23T11:09:41+00:00\",\"dateModified\":\"2021-06-23T11:14:11+00:00\",\"author\":{\"@id\":\"https:\/\/www.espriu.es\/blog\/#\/schema\/person\/6c8e8e762449686d4557bc3d733054e1\"},\"description\":\"Muchos seguimos con teletrabajo y ahora que llegan las largas vacaciones se nos plantea el mismo problema: \\u00bfqu\\u00e9 hacemos con los ni\\u00f1os?\",\"inLanguage\":\"es\",\"potentialAction\":[{\"@type\":\"ReadAction\",\"target\":[\"https:\/\/www.espriu.es\/blog\/2021\/06\/23\/teletrabajo-y-vacaciones-escolares-consejos-para-superarlo\/\"]}]},{\"@type\":\"Person\",\"@id\":\"https:\/\/www.espriu.es\/blog\/#\/schema\/person\/6c8e8e762449686d4557bc3d733054e1\",\"name\":\"Espriu\",\"image\":{\"@type\":\"ImageObject\",\"@id\":\"https:\/\/www.espriu.es\/blog\/#personlogo\",\"inLanguage\":\"es\",\"url\":\"https:\/\/secure.gravatar.com\/avatar\/3f26188c3f4a4dfed016f22d4d35f33b?s=96&d=mm&r=g\",\"caption\":\"Espriu\"},\"sameAs\":[\"http:\/\/espriu.comercial.cc\/blog\"]}]}<\/script>\n<!-- \/ Yoast SEO plugin. -->","_links":{"self":[{"href":"https:\/\/www.espriu.es\/blog\/wp-json\/wp\/v2\/posts\/190"}],"collection":[{"href":"https:\/\/www.espriu.es\/blog\/wp-json\/wp\/v2\/posts"}],"about":[{"href":"https:\/\/www.espriu.es\/blog\/wp-json\/wp\/v2\/types\/post"}],"author":[{"embeddable":true,"href":"https:\/\/www.espriu.es\/blog\/wp-json\/wp\/v2\/users\/1"}],"replies":[{"embeddable":true,"href":"https:\/\/www.espriu.es\/blog\/wp-json\/wp\/v2\/comments?post=190"}],"version-history":[{"count":10,"href":"https:\/\/www.espriu.es\/blog\/wp-json\/wp\/v2\/posts\/190\/revisions"}],"predecessor-version":[{"id":205,"href":"https:\/\/www.espriu.es\/blog\/wp-json\/wp\/v2\/posts\/190\/revisions\/205"}],"wp:featuredmedia":[{"embeddable":true,"href":"https:\/\/www.espriu.es\/blog\/wp-json\/wp\/v2\/media\/198"}],"wp:attachment":[{"href":"https:\/\/www.espriu.es\/blog\/wp-json\/wp\/v2\/media?parent=190"}],"wp:term":[{"taxonomy":"category","embeddable":true,"href":"https:\/\/www.espriu.es\/blog\/wp-json\/wp\/v2\/categories?post=190"},{"taxonomy":"post_tag","embeddable":true,"href":"https:\/\/www.espriu.es\/blog\/wp-json\/wp\/v2\/tags?post=190"}],"curies":[{"name":"wp","href":"https:\/\/api.w.org\/{rel}","templated":true}]}}