{"id":224,"date":"2021-07-30T10:18:01","date_gmt":"2021-07-30T10:18:01","guid":{"rendered":"https:\/\/www.espriu.es\/blog\/?p=224"},"modified":"2021-07-30T10:18:08","modified_gmt":"2021-07-30T10:18:08","slug":"zonas-comunes-de-la-oficina-el-mobiliario-que-necesitas","status":"publish","type":"post","link":"https:\/\/www.espriu.es\/blog\/2021\/07\/30\/zonas-comunes-de-la-oficina-el-mobiliario-que-necesitas\/","title":{"rendered":"Zonas comunes de la oficina: el mobiliario que necesitas"},"content":{"rendered":"\n<p>Pasamos gran parte de nuestra jornada en la oficina, la mayor parte del tiempo trabajando, pero en muchas ocasiones realizamos jornadas intensivas y nos quedamos tambi\u00e9n a comer.<\/p>\n\n\n\n<p>Que las zonas comunes est\u00e9n correctamente habilitadas ser\u00e1 crucial para sentirnos c\u00f3modos en esos per\u00edodos de descanso y para resultar m\u00e1s productivos en nuestra labor.<\/p>\n\n\n\n<p>En el art\u00edculo de hoy os contamos la importancia que tiene el mobiliario de las zonas comunes y las mejores opciones para que tu oficina sea un lugar confortable.<\/p>\n\n\n\n<h2>La recepci\u00f3n, el punto de partida de las zonas comunes <\/h2>\n\n\n\n<p>La zona de recepci\u00f3n es la primera imagen que tienen nuestros clientes y posibles clientes de nuestra empresa y ya sabemos lo que se dice de las primeras impresiones.<\/p>\n\n\n\n<figure class=\"wp-block-image size-large\"><a href=\"https:\/\/www.espriu.es\/mueble-recepcion\/404-recepcion-qua.html\"><img loading=\"lazy\" width=\"344\" height=\"345\" src=\"https:\/\/www.espriu.es\/blog\/wp-content\/uploads\/2021\/07\/recepcion-qua.jpg\" alt=\"\" class=\"wp-image-234\" srcset=\"https:\/\/www.espriu.es\/blog\/wp-content\/uploads\/2021\/07\/recepcion-qua.jpg 344w, https:\/\/www.espriu.es\/blog\/wp-content\/uploads\/2021\/07\/recepcion-qua-300x300.jpg 300w\" sizes=\"(max-width: 344px) 100vw, 344px\" \/><\/a><figcaption><a href=\"https:\/\/www.espriu.es\/mueble-recepcion\/404-recepcion-qua.html\">Recepci\u00f3n Qua<\/a><\/figcaption><\/figure>\n\n\n\n<p>Por ello el mobiliario que elijamos para la recepci\u00f3n debe de ser de calidad y con un dise\u00f1o y apariencia que \u00abhable\u00bb de nuestra empresa.<\/p>\n\n\n\n<p>Adem\u00e1s del mostrador de recepci\u00f3n, es importante habilitar una zona de espera para que los clientes puedan sentarse c\u00f3modamente en caso de que tengan que esperar a ser atendidos.<\/p>\n\n\n\n<p>En este caso la mejor opci\u00f3n ser\u00edan sof\u00e1s o si la zona de espera es para bastante gente, podemos optar por bancadas.<\/p>\n\n\n\n<h2>Hora de comer. La reina de las zonas comunes<\/h2>\n\n\n\n<p>Es habitual que las empresas dispongan de una zona en la que los empleados puedan comer.<\/p>\n\n\n\n<p>Dependiendo del espacio del que se disponga y del n\u00famero de empleados estas zonas ser\u00e1n m\u00e1s grandes o ser\u00e1 necesario habilitar una zona de cafeter\u00eda y otra de comedor.<\/p>\n\n\n\n<figure class=\"wp-block-image size-large\"><a href=\"https:\/\/www.espriu.es\/mesa-oficina\/279-39454-mesa-plek-actiu.html#\/5471-estructura-aluminio_mate\/9531-color-blanco_00\/18253-1_dimensiones-140_x_60_cm\"><img loading=\"lazy\" width=\"800\" height=\"800\" src=\"https:\/\/www.espriu.es\/blog\/wp-content\/uploads\/2021\/07\/mesa-plek-actiu.jpg\" alt=\"\" class=\"wp-image-235\" srcset=\"https:\/\/www.espriu.es\/blog\/wp-content\/uploads\/2021\/07\/mesa-plek-actiu.jpg 800w, https:\/\/www.espriu.es\/blog\/wp-content\/uploads\/2021\/07\/mesa-plek-actiu-300x300.jpg 300w, https:\/\/www.espriu.es\/blog\/wp-content\/uploads\/2021\/07\/mesa-plek-actiu-768x768.jpg 768w\" sizes=\"(max-width: 800px) 100vw, 800px\" \/><\/a><figcaption><a href=\"https:\/\/www.espriu.es\/mesa-oficina\/279-39454-mesa-plek-actiu.html#\/5471-estructura-aluminio_mate\/9531-color-blanco_00\/18253-1_dimensiones-140_x_60_cm\">Mesa Plek Actiu<\/a><\/figcaption><\/figure>\n\n\n\n<p>Lo cierto es que al menos hay que crear un espacio que disponga de nevera y microondas para que los trabajadores puedan guardar su comida hasta la hora de comer y puedan calentarla en caso de ser necesario.<\/p>\n\n\n\n<p>El espacio debe completarse con mesas y sillas adecuadas que permitan a lo empleados comer c\u00f3modamente. Aqu\u00ed podemos amueblar la zona de comedor con mesas pensadas para colectividades.<\/p>\n\n\n\n<h2>Zona de descanso<\/h2>\n\n\n\n<p>Cada vez m\u00e1s las empresas tienen en cuenta el bienestar de sus empleados y las comodidades en el puesto de trabajo son un valor a\u00f1adido para los trabajadores.<\/p>\n\n\n\n<p>Si existe la posibilidad es conveniente crear una sala de descanso. A esta zona se le puede dar un uso polivalente, ya que podemos amueblarla con sof\u00e1s o sillones para que los empleados puedan descansar en sus intervalos horarios y tambi\u00e9n podemos a\u00f1adir algunas mesas altas con banquetas o taburetes y usarla para reuniones de trabajo informales o para una puesta en com\u00fan de ideas.<\/p>\n\n\n\n<h2>Sala de reuniones<\/h2>\n\n\n\n<p>Es una zona importante en una empresa ya que por un lado se usa en el d\u00eda a d\u00eda para tratar temas importantes para el negocio y tambi\u00e9n sirve para reuniones con clientes, socios, proveedores.. <\/p>\n\n\n\n<figure class=\"wp-block-image size-large\"><a href=\"https:\/\/www.espriu.es\/mesa-oficina\/741-44422-mesa-tak-reuniones.html#\/23072-color_mobellinea-blanco\/23100-dimensiones_-120_x_120_cm\"><img loading=\"lazy\" width=\"378\" height=\"378\" src=\"https:\/\/www.espriu.es\/blog\/wp-content\/uploads\/2021\/07\/mesa-tak-reuniones.jpg\" alt=\"\" class=\"wp-image-236\" srcset=\"https:\/\/www.espriu.es\/blog\/wp-content\/uploads\/2021\/07\/mesa-tak-reuniones.jpg 378w, https:\/\/www.espriu.es\/blog\/wp-content\/uploads\/2021\/07\/mesa-tak-reuniones-300x300.jpg 300w\" sizes=\"(max-width: 378px) 100vw, 378px\" \/><\/a><figcaption><a href=\"https:\/\/www.espriu.es\/mesa-oficina\/741-44422-mesa-tak-reuniones.html#\/23072-color_mobellinea-blanco\/23100-dimensiones_-120_x_120_cm\">Mesa Tak Juntas Mobellinea<\/a><\/figcaption><\/figure>\n\n\n\n<p>Por eso es interesante encontrar el equilibrio perfecto entre una sala acogedora que transmita intimidad para gestionar los temas m\u00e1s cotidianos y la elegancia que se le presupone a una sala de reuniones cuando tenemos que recibir visitas.<\/p>\n\n\n\n<p>En la actualidad hay muchos modelos de mesas de reuniones o de juntas muy vers\u00e1tiles y capaces de proporcionarnos ambos puntos.<\/p>\n\n\n\n<h2>Salas de formaci\u00f3n o de congresos<\/h2>\n\n\n\n<p>Est\u00e1 claro que dependiendo del tama\u00f1o de la empresa y de sus necesidades, contar\u00e1 con m\u00e1s espacios comunes o menos.<\/p>\n\n\n\n<p>Hay negocios que por su tama\u00f1o o actividad necesitan habilitar salas de formaci\u00f3n o salas para realizar congresos.<\/p>\n\n\n\n<figure class=\"wp-block-image size-large\"><a href=\"https:\/\/www.espriu.es\/mesa-oficina\/654-44469-mesa-talent-actiu.html#\/5515-estructura-blanco\/9531-color-blanco_00\/19610-faldon-no\/21979-1_dimensiones-138_x_60\/21996-necesita_acceso_a_cableado-no_no_lo_necesito\/22973-desea_canal_de_electrificacion-no_sin_acceso_cableado\"><img loading=\"lazy\" width=\"378\" height=\"378\" src=\"https:\/\/www.espriu.es\/blog\/wp-content\/uploads\/2021\/07\/mesa-talent-actiu.jpg\" alt=\"\" class=\"wp-image-237\" srcset=\"https:\/\/www.espriu.es\/blog\/wp-content\/uploads\/2021\/07\/mesa-talent-actiu.jpg 378w, https:\/\/www.espriu.es\/blog\/wp-content\/uploads\/2021\/07\/mesa-talent-actiu-300x300.jpg 300w\" sizes=\"(max-width: 378px) 100vw, 378px\" \/><\/a><figcaption><a href=\"https:\/\/www.espriu.es\/mesa-oficina\/654-44469-mesa-talent-actiu.html#\/5515-estructura-blanco\/9531-color-blanco_00\/19610-faldon-no\/21979-1_dimensiones-138_x_60\/21996-necesita_acceso_a_cableado-no_no_lo_necesito\/22973-desea_canal_de_electrificacion-no_sin_acceso_cableado\">Mesa Talent Serie 100<\/a><\/figcaption><\/figure>\n\n\n\n<p>Para este tipo de zonas podemos optar por mesas con ruedas y abatibles, para poder colocarlas seg\u00fan nuestras necesidades y guardarlas cuando no las necesitemos para aprovechar el espacio de otro modo.<\/p>\n\n\n\n<p>Lo positivo es que cada vez se innova m\u00e1s en el sector del mobiliario de oficina para buscar una mayor versatilidad y facilitar el d\u00eda a d\u00eda de los trabajadores.<\/p>\n\n\n\n<p>Si necesitas renovar el mobiliario de las zonas comunes de tu oficina, <a href=\"https:\/\/www.espriu.es\/\">\u00a1cons\u00faltanos!<\/a> Somos especialistas en dise\u00f1os integrales y podemos ayudarte.<\/p>\n","protected":false},"excerpt":{"rendered":"<p>Pasamos gran parte de nuestra jornada en la oficina, la mayor parte del tiempo trabajando, pero en muchas ocasiones realizamos jornadas intensivas y nos quedamos tambi\u00e9n a comer. Que las zonas comunes est\u00e9n correctamente habilitadas ser\u00e1 crucial para sentirnos c\u00f3modos en esos per\u00edodos de descanso y para resultar m\u00e1s productivos en nuestra labor. En el [&hellip;]<\/p>\n","protected":false},"author":1,"featured_media":238,"comment_status":"open","ping_status":"open","sticky":false,"template":"","format":"standard","meta":[],"categories":[21],"tags":[48,18,49],"yoast_head":"<!-- This site is optimized with the Yoast SEO plugin v15.6.2 - https:\/\/yoast.com\/wordpress\/plugins\/seo\/ -->\n<title>Zonas comunes de la oficina: el mobiliario que necesitas - Espriu Blog<\/title>\n<meta name=\"description\" content=\"Hoy os contamos la importancia que tiene el mobiliario de las zonas comunes en nuestro bienestar y las mejores opciones para tu oficina\" \/>\n<meta name=\"robots\" content=\"index, follow, max-snippet:-1, max-image-preview:large, max-video-preview:-1\" \/>\n<link rel=\"canonical\" href=\"https:\/\/www.espriu.es\/blog\/2021\/07\/30\/zonas-comunes-de-la-oficina-el-mobiliario-que-necesitas\/\" \/>\n<meta property=\"og:locale\" content=\"es_ES\" \/>\n<meta property=\"og:type\" content=\"article\" \/>\n<meta property=\"og:title\" content=\"Zonas comunes de la oficina: el mobiliario que necesitas - Espriu Blog\" \/>\n<meta property=\"og:description\" content=\"Hoy os contamos la importancia que tiene el mobiliario de las zonas comunes en nuestro bienestar y las mejores opciones para tu oficina\" \/>\n<meta property=\"og:url\" content=\"https:\/\/www.espriu.es\/blog\/2021\/07\/30\/zonas-comunes-de-la-oficina-el-mobiliario-que-necesitas\/\" \/>\n<meta property=\"og:site_name\" content=\"Espriu Blog\" \/>\n<meta property=\"article:publisher\" content=\"https:\/\/www.facebook.com\/espriu.mobiliario\/\" \/>\n<meta property=\"article:published_time\" content=\"2021-07-30T10:18:01+00:00\" \/>\n<meta property=\"article:modified_time\" content=\"2021-07-30T10:18:08+00:00\" \/>\n<meta property=\"og:image\" content=\"https:\/\/www.espriu.es\/blog\/wp-content\/uploads\/2021\/07\/butaca-noom-respaldo-bajo.jpg\" \/>\n\t<meta property=\"og:image:width\" content=\"800\" \/>\n\t<meta property=\"og:image:height\" content=\"800\" \/>\n<meta name=\"twitter:card\" content=\"summary_large_image\" \/>\n<meta name=\"twitter:creator\" content=\"@Espriumobiliar1\" \/>\n<meta name=\"twitter:site\" content=\"@Espriumobiliar1\" \/>\n<meta name=\"twitter:label1\" content=\"Tiempo de lectura\">\n\t<meta name=\"twitter:data1\" content=\"4 minutos\">\n<script type=\"application\/ld+json\" class=\"yoast-schema-graph\">{\"@context\":\"https:\/\/schema.org\",\"@graph\":[{\"@type\":\"WebSite\",\"@id\":\"https:\/\/www.espriu.es\/blog\/#website\",\"url\":\"https:\/\/www.espriu.es\/blog\/\",\"name\":\"Blog Espriu Mobiliario de Oficina y Teletrabajo\",\"description\":\"Blog Espriu.es - Mobiliario de oficina\",\"potentialAction\":[{\"@type\":\"SearchAction\",\"target\":\"https:\/\/www.espriu.es\/blog\/?s={search_term_string}\",\"query-input\":\"required name=search_term_string\"}],\"inLanguage\":\"es\"},{\"@type\":\"ImageObject\",\"@id\":\"https:\/\/www.espriu.es\/blog\/2021\/07\/30\/zonas-comunes-de-la-oficina-el-mobiliario-que-necesitas\/#primaryimage\",\"inLanguage\":\"es\",\"url\":\"https:\/\/www.espriu.es\/blog\/wp-content\/uploads\/2021\/07\/butaca-noom-respaldo-bajo.jpg\",\"width\":800,\"height\":800},{\"@type\":\"WebPage\",\"@id\":\"https:\/\/www.espriu.es\/blog\/2021\/07\/30\/zonas-comunes-de-la-oficina-el-mobiliario-que-necesitas\/#webpage\",\"url\":\"https:\/\/www.espriu.es\/blog\/2021\/07\/30\/zonas-comunes-de-la-oficina-el-mobiliario-que-necesitas\/\",\"name\":\"Zonas comunes de la oficina: el mobiliario que necesitas - Espriu Blog\",\"isPartOf\":{\"@id\":\"https:\/\/www.espriu.es\/blog\/#website\"},\"primaryImageOfPage\":{\"@id\":\"https:\/\/www.espriu.es\/blog\/2021\/07\/30\/zonas-comunes-de-la-oficina-el-mobiliario-que-necesitas\/#primaryimage\"},\"datePublished\":\"2021-07-30T10:18:01+00:00\",\"dateModified\":\"2021-07-30T10:18:08+00:00\",\"author\":{\"@id\":\"https:\/\/www.espriu.es\/blog\/#\/schema\/person\/6c8e8e762449686d4557bc3d733054e1\"},\"description\":\"Hoy os contamos la importancia que tiene el mobiliario de las zonas comunes en nuestro bienestar y las mejores opciones para tu oficina\",\"inLanguage\":\"es\",\"potentialAction\":[{\"@type\":\"ReadAction\",\"target\":[\"https:\/\/www.espriu.es\/blog\/2021\/07\/30\/zonas-comunes-de-la-oficina-el-mobiliario-que-necesitas\/\"]}]},{\"@type\":\"Person\",\"@id\":\"https:\/\/www.espriu.es\/blog\/#\/schema\/person\/6c8e8e762449686d4557bc3d733054e1\",\"name\":\"Espriu\",\"image\":{\"@type\":\"ImageObject\",\"@id\":\"https:\/\/www.espriu.es\/blog\/#personlogo\",\"inLanguage\":\"es\",\"url\":\"https:\/\/secure.gravatar.com\/avatar\/3f26188c3f4a4dfed016f22d4d35f33b?s=96&d=mm&r=g\",\"caption\":\"Espriu\"},\"sameAs\":[\"http:\/\/espriu.comercial.cc\/blog\"]}]}<\/script>\n<!-- \/ Yoast SEO plugin. -->","_links":{"self":[{"href":"https:\/\/www.espriu.es\/blog\/wp-json\/wp\/v2\/posts\/224"}],"collection":[{"href":"https:\/\/www.espriu.es\/blog\/wp-json\/wp\/v2\/posts"}],"about":[{"href":"https:\/\/www.espriu.es\/blog\/wp-json\/wp\/v2\/types\/post"}],"author":[{"embeddable":true,"href":"https:\/\/www.espriu.es\/blog\/wp-json\/wp\/v2\/users\/1"}],"replies":[{"embeddable":true,"href":"https:\/\/www.espriu.es\/blog\/wp-json\/wp\/v2\/comments?post=224"}],"version-history":[{"count":12,"href":"https:\/\/www.espriu.es\/blog\/wp-json\/wp\/v2\/posts\/224\/revisions"}],"predecessor-version":[{"id":242,"href":"https:\/\/www.espriu.es\/blog\/wp-json\/wp\/v2\/posts\/224\/revisions\/242"}],"wp:featuredmedia":[{"embeddable":true,"href":"https:\/\/www.espriu.es\/blog\/wp-json\/wp\/v2\/media\/238"}],"wp:attachment":[{"href":"https:\/\/www.espriu.es\/blog\/wp-json\/wp\/v2\/media?parent=224"}],"wp:term":[{"taxonomy":"category","embeddable":true,"href":"https:\/\/www.espriu.es\/blog\/wp-json\/wp\/v2\/categories?post=224"},{"taxonomy":"post_tag","embeddable":true,"href":"https:\/\/www.espriu.es\/blog\/wp-json\/wp\/v2\/tags?post=224"}],"curies":[{"name":"wp","href":"https:\/\/api.w.org\/{rel}","templated":true}]}}