{"id":404,"date":"2022-01-14T10:23:59","date_gmt":"2022-01-14T10:23:59","guid":{"rendered":"https:\/\/www.espriu.es\/blog\/?p=404"},"modified":"2022-01-14T10:24:01","modified_gmt":"2022-01-14T10:24:01","slug":"rebajas-las-sillas-ergonomicas-que-tienen-que-ser-tuyas","status":"publish","type":"post","link":"https:\/\/www.espriu.es\/blog\/2022\/01\/14\/rebajas-las-sillas-ergonomicas-que-tienen-que-ser-tuyas\/","title":{"rendered":"REBAJAS: Las sillas ergon\u00f3micas que tienen que ser tuyas"},"content":{"rendered":"\n<p>En Espriu estamos de Rebajas y ahora puedes conseguir las mejores sillas ergon\u00f3micas al mejor precio. \u00a1Ah! y en 24 horas la tienes en casa con el env\u00edo gratis.<\/p>\n\n\n\n<p>No dejes pasar esta oportunidad de cuidar de tu espalda y de tu bienestar y aprovecha nuestras ofertas.<\/p>\n\n\n\n<h2><a href=\"https:\/\/www.espriu.es\/inicio\/802-54652-tnk-flex-tex-pa.html#\/23218-ca1_base_de_ruedas-poliamida_negra\/23224-ca2_tipo_de_ruedas-ruedas_standard_negra\/23248-ca6_tipo_movilidad_ergonomica-syncro_respaldo_reclinable\/23259-ca7_mecanismo_traslacion_asiento-si\/23275-ca10_color_tapizado_actiu-m14_gris_claro\/23396-ca3_brazos-3d\/23468-ca8_marco_del_respaldo-potencia_negro_respaldo_medio\">Tnk Flex Tex PA<\/a> en REBAJAS<\/h2>\n\n\n\n<figure class=\"wp-block-image size-large\"><a href=\"https:\/\/www.espriu.es\/inicio\/802-54652-tnk-flex-tex-pa.html#\/23218-ca1_base_de_ruedas-poliamida_negra\/23224-ca2_tipo_de_ruedas-ruedas_standard_negra\/23248-ca6_tipo_movilidad_ergonomica-syncro_respaldo_reclinable\/23259-ca7_mecanismo_traslacion_asiento-si\/23275-ca10_color_tapizado_actiu-m14_gris_claro\/23396-ca3_brazos-3d\/23468-ca8_marco_del_respaldo-potencia_negro_respaldo_medio\"><img loading=\"lazy\" width=\"800\" height=\"800\" src=\"https:\/\/www.espriu.es\/blog\/wp-content\/uploads\/2021\/12\/tnk-flex-tex-pa.jpg\" alt=\"\" class=\"wp-image-398\" srcset=\"https:\/\/www.espriu.es\/blog\/wp-content\/uploads\/2021\/12\/tnk-flex-tex-pa.jpg 800w, https:\/\/www.espriu.es\/blog\/wp-content\/uploads\/2021\/12\/tnk-flex-tex-pa-300x300.jpg 300w, https:\/\/www.espriu.es\/blog\/wp-content\/uploads\/2021\/12\/tnk-flex-tex-pa-768x768.jpg 768w\" sizes=\"(max-width: 800px) 100vw, 800px\" \/><\/a><\/figure>\n\n\n\n<p>TNK Flex&nbsp;se adapta al cuerpo permitiendo que puedas&nbsp;ajustar totalmente el respaldo y el asiento&nbsp;como si de una segunda piel se tratara.<br>Incorpora una tecnolog\u00eda basada en la sustentaci\u00f3n y la interacci\u00f3n que interpreta tus movimientos y se adelanta a ellos, facilitando la libertad de uso.<br>Cuenta con el&nbsp;certificado 24\/7 horas&nbsp;que la clasifica como la silla perfecta para el&nbsp;uso intensivo profesional, adem\u00e1s de con una cuidada est\u00e9tica que ha sido reconocida con el&nbsp;German Design Award 2018, uno de los premios de dise\u00f1o m\u00e1s importantes del sector en Europa.<\/p>\n\n\n\n<p>Hazte con ella en estas rebajas.<br>La base es de poliamida negra con el tapizado en negro.<\/p>\n\n\n\n<h3><strong>ESPECIFICACIONES T\u00c9CNICAS:<\/strong><\/h3>\n\n\n\n<h4><strong>RESPALDO<\/strong><\/h4>\n\n\n\n<ul id=\"block-628a6a76-ac65-4f3d-8038-b32b974f587a\"><li>Tapizado en tela de alta calidad y durabilidad con espuma de 10 mm.<\/li><li>Regulable en altura con un rango de 5 cm.<\/li><li>Movimiento de oscilaci\u00f3n y flexi\u00f3n 360\u00ba para adaptarse a los movimientos del cuerpo.<\/li><li>Ajuste de la dureza del movimiento de inclinaci\u00f3n del respaldo para adaptarse a la fuerza que ejercemos<\/li><li>Mecanismo sincronizado que permite la inclinaci\u00f3n del respaldo en 4 posiciones m\u00e1ximas manteniendo siempre el contacto con la silla, con este sistema se evita la sensaci\u00f3n de vuelco al empujar el respaldo hacia atr\u00e1s.<\/li><li>Ajuste de la dureza del movimiento de inclinaci\u00f3n del respaldo para adaptarse a la fuerza que ejercemos.<\/li><li>Posibilidad de bloqueo en la posici\u00f3n inicial, es decir, totalmente vertical sin ninguna inclinaci\u00f3n. Debido a las recomendaciones de ergonom\u00eda no se bloquea el respaldo en posici\u00f3n inclinada.<\/li><li>Apoyo lumbar ajustable en altura (3 cm) para evitar lesiones en la espalda.<\/li><\/ul>\n\n\n\n<h4><strong>ASIENTO<\/strong><\/h4>\n\n\n\n<ul id=\"block-53ae0b89-69fd-43e7-aca7-2a3332bf637f\"><li>Tapizado en tela de altas prestaciones, calidad y durabilidad, espuma alta densidad 55-60kg\/m3.<\/li><li>Sistema de Air Comfort System, c\u00e1maras de aire que mejoran la distribuci\u00f3n del peso y por tanto la comodidad de la sentada.<\/li><li>Elevaci\u00f3n a gas del asiento para ajustar la altura de la silla, su rango es de 10 cm (43-53 cm, altura m\u00ednima y m\u00e1xima del asiento)<\/li><li>Desplazamiento horizontal del asiento en 8 posiciones, rango de 7 cm para ajustarlo a la largura de las piernas.<\/li><\/ul>\n\n\n\n<h4><strong>BRAZOS<\/strong><\/h4>\n\n\n\n<ul id=\"block-f6e93700-c10d-491e-9196-2063a9644ef7\"><li>Brazos con movimiento 3D.<\/li><li>Regulaci\u00f3n de altura: 8 cm.<\/li><li>Regulaci\u00f3n distancia entre brazos: 2 cm.<\/li><li>Desplazamiento delante\/detr\u00e1s: 4,5 cm.<\/li><\/ul>\n\n\n\n<h4><strong>BASE<\/strong><\/h4>\n\n\n\n<ul id=\"block-ffaf1fdb-5d12-47dd-9370-6fdc39588720\"><li>Base de poliamida negra.<\/li><li>Ruedas silenciosas negras para suelos de dureza media o alta.<\/li><\/ul>\n\n\n\n<h2><a href=\"https:\/\/www.espriu.es\/inicio\/803-54645-trim-tex-pa.html#\/23218-ca1_base_de_ruedas-poliamida_negra\/23226-ca2_tipo_de_ruedas-ruedas_auto_frenadas\/23248-ca6_tipo_movilidad_ergonomica-syncro_respaldo_reclinable\/23259-ca7_mecanismo_traslacion_asiento-si\/23266-ca10_color_tapizado_actiu-t82_negro\/23395-ca3_brazos-2d\/23488-ca8_marco_del_respaldo-carcasa_resp_y_potencia_negro\">Trim Tex PA<\/a> en REBAJAS<\/h2>\n\n\n\n<figure class=\"wp-block-image size-large\"><a href=\"https:\/\/www.espriu.es\/inicio\/803-54645-trim-tex-pa.html#\/23218-ca1_base_de_ruedas-poliamida_negra\/23226-ca2_tipo_de_ruedas-ruedas_auto_frenadas\/23248-ca6_tipo_movilidad_ergonomica-syncro_respaldo_reclinable\/23259-ca7_mecanismo_traslacion_asiento-si\/23266-ca10_color_tapizado_actiu-t82_negro\/23395-ca3_brazos-2d\/23488-ca8_marco_del_respaldo-carcasa_resp_y_potencia_negro\"><img loading=\"lazy\" width=\"800\" height=\"800\" src=\"https:\/\/www.espriu.es\/blog\/wp-content\/uploads\/2021\/12\/trim-tex-pa.jpg\" alt=\"\" class=\"wp-image-396\" srcset=\"https:\/\/www.espriu.es\/blog\/wp-content\/uploads\/2021\/12\/trim-tex-pa.jpg 800w, https:\/\/www.espriu.es\/blog\/wp-content\/uploads\/2021\/12\/trim-tex-pa-300x300.jpg 300w, https:\/\/www.espriu.es\/blog\/wp-content\/uploads\/2021\/12\/trim-tex-pa-768x768.jpg 768w\" sizes=\"(max-width: 800px) 100vw, 800px\" \/><\/a><\/figure>\n\n\n\n<p>TRIM ha sido dise\u00f1ada para ajustarse a tus necesidades bajo dos premisas:&nbsp;dise\u00f1o y confort.<br>Cuenta con un&nbsp;respaldo regulable&nbsp;y con un apoyo lumbar que cuida de la espalda y de la correcta postura del cuerpo a lo largo de todo el d\u00eda. Su asiento permite repartir el peso del cuerpo c\u00f3modamente.<br>Elevable en altura y acolchada. Su dise\u00f1o amable es capaz de encajar en cualquier ambiente. Ha sido premiada con un&nbsp;German Design Award, uno de los premios internacionales de dise\u00f1o m\u00e1s exigentes.<\/p>\n\n\n\n<p>Ahora puede ser tuya en estas rebajas.<br>Su base es de poliamida negra con un tapizado en negro.<\/p>\n\n\n\n<h3><strong>ESPECIFICACIONES T\u00c9CNICAS:<\/strong><\/h3>\n\n\n\n<h4><strong>RESPALDO<\/strong><\/h4>\n\n\n\n<ul id=\"block-e43e6f32-3794-4fa8-9bd4-f11c78eefd91\"><li>Tapizado en tela de alta calidad y durabilidad con espuma de 10 mm<\/li><li>Regulable en altura con un rango de 7 cm<\/li><li>Mecanismo sincronizado que permite la inclinaci\u00f3n del respaldo en 4 posiciones m\u00e1ximas manteniendo siempre el contacto con la silla, con este sistema se evita la sensaci\u00f3n de vuelco al empujar el respaldo hacia atr\u00e1s<\/li><li>Ajuste de la dureza del movimiento de inclinaci\u00f3n del respaldo para adaptarse a la fuerza que ejercemos<\/li><li>Posibilidad de bloqueo en la posici\u00f3n inicial, es decir, totalmente vertical sin ninguna inclinaci\u00f3n. Debido a las recomendaciones de ergonom\u00eda no se bloquea el respaldo en posici\u00f3n inclinada<\/li><li>Apoyo lumbar ajustable en altura (5 cm) para evitar lesiones en la espalda, pudiendo fijarse en 7 posiciones<\/li><\/ul>\n\n\n\n<h4><strong>ASIENTO<\/strong><\/h4>\n\n\n\n<ul id=\"block-a3729e7b-e72d-48e1-97ae-ec15ccc5e1f2\"><li>Tapizado en tela de alta calidad y durabilidad, espuma alta densidad 55-60kg\/m3.<\/li><li>Sistema de Air Comfort System, c\u00e1maras de aire que mejoran la distribuci\u00f3n del peso y por tanto la comodidad de la sentada.<\/li><li>Elevaci\u00f3n a gas del asiento para ajustar la altura de la silla, su rango es de 10 cm (43-53 cm, altura m\u00ednima y m\u00e1xima del asiento)<\/li><li>Desplazamiento horizontal del asiento en 8 posiciones, rango de 7 cm para ajustarlo a la largura de las piernas.<\/li><\/ul>\n\n\n\n<h4><strong>BRAZOS<\/strong><\/h4>\n\n\n\n<ul id=\"block-f1e94b02-54d4-47ef-9aa2-6790e630e3a1\"><li>Brazos con movimiento 2D.<\/li><li>Regulaci\u00f3n de altura: 7 cm \/ 7 posiciones.<\/li><li>Regulaci\u00f3n distancia entre brazos: 3 cm \/ 3 posiciones.<\/li><\/ul>\n\n\n\n<h4><strong>BASE<\/strong><\/h4>\n\n\n\n<ul id=\"block-24b6ab2f-7a0d-4cdf-9c66-9434c9b4e0ca\"><li>Base de poliamida negra.<\/li><li>Ruedas silenciosas negras para suelos de dureza media o alta.<\/li><\/ul>\n\n\n\n<h2><a href=\"https:\/\/www.espriu.es\/inicio\/804-54646-trim-cabecero-poliamida-negra.html#\/21916-ca4_cabezal-stay_con_cabezal\/23218-ca1_base_de_ruedas-poliamida_negra\/23226-ca2_tipo_de_ruedas-ruedas_auto_frenadas\/23248-ca6_tipo_movilidad_ergonomica-syncro_respaldo_reclinable\/23259-ca7_mecanismo_traslacion_asiento-si\/23266-ca10_color_tapizado_actiu-t82_negro\/23395-ca3_brazos-2d\/23488-ca8_marco_del_respaldo-carcasa_resp_y_potencia_negro\">Trim Cabecero Poliamida Negra<\/a> en REBAJAS<\/h2>\n\n\n\n<figure class=\"wp-block-image size-large\"><a href=\"https:\/\/www.espriu.es\/inicio\/804-54646-trim-cabecero-poliamida-negra.html#\/21916-ca4_cabezal-stay_con_cabezal\/23218-ca1_base_de_ruedas-poliamida_negra\/23226-ca2_tipo_de_ruedas-ruedas_auto_frenadas\/23248-ca6_tipo_movilidad_ergonomica-syncro_respaldo_reclinable\/23259-ca7_mecanismo_traslacion_asiento-si\/23266-ca10_color_tapizado_actiu-t82_negro\/23395-ca3_brazos-2d\/23488-ca8_marco_del_respaldo-carcasa_resp_y_potencia_negro\"><img loading=\"lazy\" width=\"800\" height=\"800\" src=\"https:\/\/www.espriu.es\/blog\/wp-content\/uploads\/2021\/12\/trim-cabecero-poliamida-negra.jpg\" alt=\"\" class=\"wp-image-399\" srcset=\"https:\/\/www.espriu.es\/blog\/wp-content\/uploads\/2021\/12\/trim-cabecero-poliamida-negra.jpg 800w, https:\/\/www.espriu.es\/blog\/wp-content\/uploads\/2021\/12\/trim-cabecero-poliamida-negra-300x300.jpg 300w, https:\/\/www.espriu.es\/blog\/wp-content\/uploads\/2021\/12\/trim-cabecero-poliamida-negra-768x768.jpg 768w\" sizes=\"(max-width: 800px) 100vw, 800px\" \/><\/a><\/figure>\n\n\n\n<p>TRIM ha sido dise\u00f1ada para ajustarse a tus necesidades bajo dos premisas:&nbsp;dise\u00f1o y confort.<br>Cuenta con un&nbsp;respaldo regulable&nbsp;y con un apoyo lumbar que cuida de la espalda y de la correcta postura del cuerpo a lo largo de todo el d\u00eda. Su asiento permite repartir el peso del cuerpo c\u00f3modamente.<br>Elevable en altura y acolchada. Su dise\u00f1o amable es capaz de encajar en cualquier ambiente. Ha sido premiada con un&nbsp;German Design Award, uno de los premios internacionales de dise\u00f1o m\u00e1s exigentes.<br>Su base es de poliamida negra con un tapizado en negro. Cuenta con un cabecero regulable que aporta un apoyo adicional para el descanso de la cabeza.<\/p>\n\n\n\n<p>Aprovecha estas rebajas y cons\u00edguela.<\/p>\n\n\n\n<h3><strong>ESPECIFICACIONES T\u00c9CNICAS:<\/strong><\/h3>\n\n\n\n<h4><strong>RESPALDO<\/strong><\/h4>\n\n\n\n<ul><li>Tapizado en tela de alta calidad y durabilidad con espuma de 10 mm<\/li><li>Regulable en altura con un rango de 7 cm<\/li><li>Mecanismo sincronizado que permite la inclinaci\u00f3n del respaldo en 4 posiciones m\u00e1ximas manteniendo siempre el contacto con la silla, con este sistema se evita la sensaci\u00f3n de vuelco al empujar el respaldo hacia atr\u00e1s<\/li><li>Ajuste de la dureza del movimiento de inclinaci\u00f3n del respaldo para adaptarse a la fuerza que ejercemos<\/li><li>Posibilidad de bloqueo en la posici\u00f3n inicial, es decir, totalmente vertical sin ninguna inclinaci\u00f3n. Debido a las recomendaciones de ergonom\u00eda no se bloquea el respaldo en posici\u00f3n inclinada<\/li><li>Apoyo lumbar ajustable en altura (5 cm) para evitar lesiones en la espalda, pudiendo fijarse en 7 posiciones<\/li><\/ul>\n\n\n\n<h4><strong>ASIENTO<\/strong><\/h4>\n\n\n\n<ul><li>Tapizado en tela de alta calidad y durabilidad, espuma alta densidad 55-60kg\/m3.<\/li><li>Sistema de Air Comfort System, c\u00e1maras de aire que mejoran la distribuci\u00f3n del peso y por tanto la comodidad de la sentada.<\/li><li>Elevaci\u00f3n a gas del asiento para ajustar la altura de la silla, su rango es de 10 cm (43-53 cm, altura m\u00ednima y m\u00e1xima del asiento)<\/li><li>Desplazamiento horizontal del asiento en 8 posiciones, rango de 7 cm para ajustarlo a la largura de las piernas.<\/li><\/ul>\n\n\n\n<h4><strong>BRAZOS<\/strong><\/h4>\n\n\n\n<ul><li>Brazos con movimiento 2D.<\/li><li>Regulaci\u00f3n de altura: 7 cm \/ 7 posiciones.<\/li><li>Regulaci\u00f3n distancia entre brazos: 3 cm \/ 3 posiciones.<\/li><\/ul>\n\n\n\n<h4><strong>BASE<\/strong><\/h4>\n\n\n\n<ul><li>Base de poliamida negra.<\/li><li>Ruedas silenciosas negras.<\/li><\/ul>\n\n\n\n<h4><strong>CABECERO<\/strong><\/h4>\n\n\n\n<ul><li>Regulable en altura (6 posiciones) con un rango de 21,5 a 27,5 cm<\/li><\/ul>\n\n\n\n<h2><a href=\"https:\/\/www.espriu.es\/sillas-entrega-inmediata\/808-54648-efit-media-tapizada-alu.html#\/23220-ca1_base_de_ruedas-aluminio_blanco\/23224-ca2_tipo_de_ruedas-ruedas_standard_negra\/23244-ca3_brazos-aluminio_blanco_3d\/23248-ca6_tipo_movilidad_ergonomica-syncro_respaldo_reclinable\/23258-ca8_marco_del_respaldo-marco_respaldo_blanco\/23266-ca10_color_tapizado_actiu-t82_negro\">Efit Medio Blanco AL<\/a> en REBAJAS<\/h2>\n\n\n\n<figure class=\"wp-block-image size-large\"><a href=\"https:\/\/www.espriu.es\/sillas-entrega-inmediata\/808-54648-efit-media-tapizada-alu.html#\/23220-ca1_base_de_ruedas-aluminio_blanco\/23224-ca2_tipo_de_ruedas-ruedas_standard_negra\/23244-ca3_brazos-aluminio_blanco_3d\/23248-ca6_tipo_movilidad_ergonomica-syncro_respaldo_reclinable\/23258-ca8_marco_del_respaldo-marco_respaldo_blanco\/23266-ca10_color_tapizado_actiu-t82_negro\"><img loading=\"lazy\" width=\"800\" height=\"800\" src=\"https:\/\/www.espriu.es\/blog\/wp-content\/uploads\/2021\/12\/efit-media-tapizada-alu.jpg\" alt=\"\" class=\"wp-image-394\" srcset=\"https:\/\/www.espriu.es\/blog\/wp-content\/uploads\/2021\/12\/efit-media-tapizada-alu.jpg 800w, https:\/\/www.espriu.es\/blog\/wp-content\/uploads\/2021\/12\/efit-media-tapizada-alu-300x300.jpg 300w, https:\/\/www.espriu.es\/blog\/wp-content\/uploads\/2021\/12\/efit-media-tapizada-alu-768x768.jpg 768w\" sizes=\"(max-width: 800px) 100vw, 800px\" \/><\/a><\/figure>\n\n\n\n<p>EFIT&nbsp;es una silla dise\u00f1ada pensando en las nuevas generaciones y en sus formas de trabajo \u00e1giles y creativas, con una est\u00e9tica joven y desenfadada.<br>Su dise\u00f1o ha sido creado para hacerte sentir c\u00f3modo y libre.<br>El&nbsp;respaldo flexible&nbsp;permite descargar la espalda evitando&nbsp;tensiones y mejorando el bienestar.<br>La base es de aluminio con tapizado en negro.<\/p>\n\n\n\n<p>Y ahora en rebajas.<\/p>\n\n\n\n<h3><strong>ESPECIFICACIONES T\u00c9CNICAS:<\/strong><\/h3>\n\n\n\n<h4><strong>RESPALDO<\/strong><\/h4>\n\n\n\n<ul><li>Polipropileno en blanco, flexible y transpirable, mejora la postura.<\/li><li>Mecanismo sincronizado que permite la inclinaci\u00f3n del respaldo en 4 posiciones m\u00e1ximas manteniendo siempre el contacto con la silla, con este sistema se evita la sensaci\u00f3n de vuelco al empujar el respaldo hacia atr\u00e1s.<\/li><li>Ajuste de la dureza del movimiento de inclinaci\u00f3n del respaldo para adaptarse a la fuerza que ejercemos.<\/li><li>Posibilidad de bloqueo en la posici\u00f3n inicial, es decir, totalmente vertical sin ninguna inclinaci\u00f3n. Debido a las recomendaciones de ergonom\u00eda no se bloquea el respaldo en posici\u00f3n inclinada.<\/li><\/ul>\n\n\n\n<h4><strong>ASIENTO<\/strong><\/h4>\n\n\n\n<ul><li>Tapizado en tela de alta calidad y durabilidad, espuma alta densidad 55-60kg\/m3.<\/li><li>Sistema de Air Comfort System, c\u00e1maras de aire que mejoran la distribuci\u00f3n del peso y por tanto la comodidad de la sentada.<\/li><li>Elevaci\u00f3n a gas del asiento para ajustar la altura de la silla, su rango es de 10 cm (43-53 cm, altura m\u00ednima y m\u00e1xima del asiento)<\/li><li>Desplazamiento horizontal del asiento en 8 posiciones, rango de 7 cm para ajustarlo a la largura de las piernas.<\/li><\/ul>\n\n\n\n<h4><strong>BRAZOS<\/strong><\/h4>\n\n\n\n<ul><li>Brazos con movimiento 3D.<\/li><li>Regulaci\u00f3n de altura: 7 cm \/ 7 posiciones.<\/li><li>Regulaci\u00f3n distancia entre brazos: 3 cm.<\/li><li>Rotaci\u00f3n 360\u00ba con sistema de bloqueo.<\/li><\/ul>\n\n\n\n<h4><strong>BASE<\/strong><\/h4>\n\n\n\n<ul><li>Base de aluminio blanco.<\/li><li>Ruedas silenciosas negras para suelos de dureza media o alta.<\/li><\/ul>\n\n\n\n<h2><a href=\"https:\/\/www.espriu.es\/inicio\/805-54649-efit-media-plastico-pa.html#\/23218-ca1_base_de_ruedas-poliamida_negra\/23224-ca2_tipo_de_ruedas-ruedas_standard_negra\/23241-ca3_brazos-pp_negra_2d\/23248-ca6_tipo_movilidad_ergonomica-syncro_respaldo_reclinable\/23257-ca8_marco_del_respaldo-marco_respaldo_negro\/23259-ca7_mecanismo_traslacion_asiento-si\/23266-ca10_color_tapizado_actiu-t82_negro\">Efit Medio Negro PA<\/a> en REBAJAS<\/h2>\n\n\n\n<figure class=\"wp-block-image size-large\"><a href=\"https:\/\/www.espriu.es\/inicio\/805-54649-efit-media-plastico-pa.html#\/23218-ca1_base_de_ruedas-poliamida_negra\/23224-ca2_tipo_de_ruedas-ruedas_standard_negra\/23241-ca3_brazos-pp_negra_2d\/23248-ca6_tipo_movilidad_ergonomica-syncro_respaldo_reclinable\/23257-ca8_marco_del_respaldo-marco_respaldo_negro\/23259-ca7_mecanismo_traslacion_asiento-si\/23266-ca10_color_tapizado_actiu-t82_negro\"><img loading=\"lazy\" width=\"485\" height=\"627\" src=\"https:\/\/www.espriu.es\/blog\/wp-content\/uploads\/2022\/01\/efit-media-plastico-pa.jpg\" alt=\"\" class=\"wp-image-408\" srcset=\"https:\/\/www.espriu.es\/blog\/wp-content\/uploads\/2022\/01\/efit-media-plastico-pa.jpg 485w, https:\/\/www.espriu.es\/blog\/wp-content\/uploads\/2022\/01\/efit-media-plastico-pa-232x300.jpg 232w\" sizes=\"(max-width: 485px) 100vw, 485px\" \/><\/a><\/figure>\n\n\n\n<p>EFIT&nbsp;es una silla dise\u00f1ada pensando en las nuevas generaciones y en sus formas de trabajo \u00e1giles y creativas, con una est\u00e9tica joven y desenfadada.<br>Su dise\u00f1o ha sido creado para hacerte sentir c\u00f3modo y libre.<br>El&nbsp;respaldo flexible&nbsp;permite descargar la espalda evitando&nbsp;tensiones y mejorando el bienestar.<br>La base es de poliamida negra con tapizado en negro.<\/p>\n\n\n\n<p>Ll\u00e9vatela a casa estas rebajas.<\/p>\n\n\n\n<h3><strong>ESPECIFICACIONES T\u00c9CNICAS:<\/strong><\/h3>\n\n\n\n<h4><strong>RESPALDO<\/strong><\/h4>\n\n\n\n<ul><li>Polipropileno en negro, flexible y transpirable, mejora la postura.<\/li><li>Mecanismo sincronizado que permite la inclinaci\u00f3n del respaldo en 4 posiciones m\u00e1ximas manteniendo siempre el contacto con la silla, con este sistema se evita la sensaci\u00f3n de vuelco al empujar el respaldo hacia atr\u00e1s.<\/li><li>Ajuste de la dureza del movimiento de inclinaci\u00f3n del respaldo para adaptarse a la fuerza que ejercemos.<\/li><li>Posibilidad de bloqueo en la posici\u00f3n inicial, es decir, totalmente vertical sin ninguna inclinaci\u00f3n. Debido a las recomendaciones de ergonom\u00eda no se bloquea el respaldo en posici\u00f3n inclinada.<\/li><\/ul>\n\n\n\n<h4><strong>ASIENTO<\/strong><\/h4>\n\n\n\n<ul><li>Tapizado en tela de alta calidad y durabilidad, espuma alta densidad 55-60kg\/m3.<\/li><li>Sistema de Air Comfort System, c\u00e1maras de aire que mejoran la distribuci\u00f3n del peso y por tanto la comodidad de la sentada.<\/li><li>Elevaci\u00f3n a gas del asiento para ajustar la altura de la silla, su rango es de 10 cm (43-53 cm, altura m\u00ednima y m\u00e1xima del asiento)<\/li><li>Desplazamiento horizontal del asiento en 8 posiciones, rango de 7 cm para ajustarlo a la largura de las piernas.<\/li><\/ul>\n\n\n\n<h4><strong>BRAZOS<\/strong><\/h4>\n\n\n\n<ul><li>Brazos con movimiento 3D.<\/li><li>Regulaci\u00f3n de altura: 7 cm \/ 7 posiciones.<\/li><li>Regulaci\u00f3n distancia entre brazos: 3 cm \/ 3 posiciones.<\/li><li>Rotaci\u00f3n 360\u00ba con sistema de bloqueo.<\/li><\/ul>\n\n\n\n<h4><strong>BASE<\/strong><\/h4>\n\n\n\n<ul><li>Base de poliamida negra.<\/li><li>Ruedas silenciosas negras para suelos de dureza media o alta.<\/li><\/ul>\n\n\n\n<h2><a href=\"https:\/\/www.espriu.es\/inicio\/806-54650-stay-malla.html#\/23218-ca1_base_de_ruedas-poliamida_negra\/23224-ca2_tipo_de_ruedas-ruedas_standard_negra\/23241-ca3_brazos-pp_negra_2d\/23248-ca6_tipo_movilidad_ergonomica-syncro_respaldo_reclinable\/23259-ca7_mecanismo_traslacion_asiento-si\/23266-ca10_color_tapizado_actiu-t82_negro\">Stay Malla<\/a> en REBAJAS<\/h2>\n\n\n\n<figure class=\"wp-block-image size-large\"><a href=\"https:\/\/www.espriu.es\/inicio\/806-54650-stay-malla.html#\/23218-ca1_base_de_ruedas-poliamida_negra\/23224-ca2_tipo_de_ruedas-ruedas_standard_negra\/23241-ca3_brazos-pp_negra_2d\/23248-ca6_tipo_movilidad_ergonomica-syncro_respaldo_reclinable\/23259-ca7_mecanismo_traslacion_asiento-si\/23266-ca10_color_tapizado_actiu-t82_negro\"><img loading=\"lazy\" width=\"800\" height=\"800\" src=\"https:\/\/www.espriu.es\/blog\/wp-content\/uploads\/2021\/12\/stay-malla.jpg\" alt=\"\" class=\"wp-image-395\" srcset=\"https:\/\/www.espriu.es\/blog\/wp-content\/uploads\/2021\/12\/stay-malla.jpg 800w, https:\/\/www.espriu.es\/blog\/wp-content\/uploads\/2021\/12\/stay-malla-300x300.jpg 300w, https:\/\/www.espriu.es\/blog\/wp-content\/uploads\/2021\/12\/stay-malla-768x768.jpg 768w\" sizes=\"(max-width: 800px) 100vw, 800px\" \/><\/a><\/figure>\n\n\n\n<p>En la silla de oficina&nbsp;Stay&nbsp;el dise\u00f1o se al\u00eda con la salud y el bienestar para ofrecerte una silla muy confortable y adaptable.<br>Espalda, brazos, cuello y rodillas, todas las partes del cuerpo encuentran su&nbsp;postura natural.<br>El asiento incluye&nbsp;c\u00e1maras de aire&nbsp;para mejorar la comodidad. Unas cualidades ergon\u00f3micas que te permiten dedicar el tiempo necesario a una misma tarea sin que el cuerpo se resienta.<br>Su base es de poliamida negra con tapizado en malla negra.<\/p>\n\n\n\n<p>Puede ser tuya con nuestras rebajas.<\/p>\n\n\n\n<h3><strong>ESPECIFICACIONES T\u00c9CNICAS:<\/strong><\/h3>\n\n\n\n<h4><strong>RESPALDO<\/strong><\/h4>\n\n\n\n<ul><li>Malla t\u00e9cnica transpirable en acabado negro.<\/li><li>Mecanismo sincronizado que permite la inclinaci\u00f3n del respaldo en 4 posiciones m\u00e1ximas manteniendo siempre el contacto con la silla, con este sistema se evita la sensaci\u00f3n de vuelco al empujar el respaldo hacia atr\u00e1s.<\/li><li>Ajuste de la dureza del movimiento de inclinaci\u00f3n del respaldo para adaptarse a la fuerza que ejercemos.<\/li><li>Posibilidad de bloqueo en la posici\u00f3n inicial, es decir, totalmente vertical sin ninguna inclinaci\u00f3n. Debido a las recomendaciones de ergonom\u00eda no se bloquea el respaldo en posici\u00f3n inclinada.<\/li><li>Apoyo lumbar ajustable en altura (4 cm) para evitar lesiones en la espalda.<\/li><\/ul>\n\n\n\n<h4><strong>ASIENTO<\/strong><\/h4>\n\n\n\n<ul><li>Tapizado en tela de alta calidad y durabilidad, espuma alta densidad 55-60kg\/m3.<\/li><li>Sistema de Air Comfort System, c\u00e1maras de aire que mejoran la distribuci\u00f3n del peso y por tanto la comodidad de la sentada.<\/li><li>Elevaci\u00f3n a gas del asiento para ajustar la altura de la silla, su rango es de 10 cm (43-53 cm, altura m\u00ednima y m\u00e1xima del asiento)<\/li><li>Desplazamiento horizontal del asiento en 8 posiciones, rango de 7 cm para ajustarlo a la largura de las piernas.<\/li><\/ul>\n\n\n\n<h4><strong>BRAZOS<\/strong><\/h4>\n\n\n\n<ul><li>Brazos con movimiento 2D.<\/li><li>Regulaci\u00f3n de altura: 7 cm \/ 7 posiciones.<\/li><li>Regulaci\u00f3n distancia entre brazos: 3 cm \/ 3 posiciones.<\/li><\/ul>\n\n\n\n<h4><strong>BASE<\/strong><\/h4>\n\n\n\n<ul><li>Base de poliamida negra.<\/li><li>Ruedas silenciosas negras para suelos de dureza media o alta.<\/li><\/ul>\n\n\n\n<h2><a href=\"https:\/\/www.espriu.es\/inicio\/807-54647-trim-tex-alu.html#\/23220-ca1_base_de_ruedas-aluminio_blanco\/23226-ca2_tipo_de_ruedas-ruedas_auto_frenadas\/23244-ca3_brazos-aluminio_blanco_3d\/23248-ca6_tipo_movilidad_ergonomica-syncro_respaldo_reclinable\/23259-ca7_mecanismo_traslacion_asiento-si\/23266-ca10_color_tapizado_actiu-t82_negro\/23487-ca8_marco_del_respaldo-carcasa_resp_y_potencia_blanco\">Trim Tex Alu<\/a> en REBAJAS<\/h2>\n\n\n\n<figure class=\"wp-block-image size-large\"><a href=\"https:\/\/www.espriu.es\/inicio\/807-54647-trim-tex-alu.html#\/23220-ca1_base_de_ruedas-aluminio_blanco\/23226-ca2_tipo_de_ruedas-ruedas_auto_frenadas\/23244-ca3_brazos-aluminio_blanco_3d\/23248-ca6_tipo_movilidad_ergonomica-syncro_respaldo_reclinable\/23259-ca7_mecanismo_traslacion_asiento-si\/23266-ca10_color_tapizado_actiu-t82_negro\/23487-ca8_marco_del_respaldo-carcasa_resp_y_potencia_blanco\"><img loading=\"lazy\" width=\"800\" height=\"800\" src=\"https:\/\/www.espriu.es\/blog\/wp-content\/uploads\/2021\/11\/trim-tex-alu.jpg\" alt=\"\" class=\"wp-image-372\" srcset=\"https:\/\/www.espriu.es\/blog\/wp-content\/uploads\/2021\/11\/trim-tex-alu.jpg 800w, https:\/\/www.espriu.es\/blog\/wp-content\/uploads\/2021\/11\/trim-tex-alu-300x300.jpg 300w, https:\/\/www.espriu.es\/blog\/wp-content\/uploads\/2021\/11\/trim-tex-alu-768x768.jpg 768w\" sizes=\"(max-width: 800px) 100vw, 800px\" \/><\/a><\/figure>\n\n\n\n<p>TRIM ha sido dise\u00f1ada para ajustarse a tus necesidades bajo dos premisas:&nbsp;dise\u00f1o y confort.<br>Cuenta con un&nbsp;respaldo regulable&nbsp;y con un apoyo lumbar que cuida de la espalda y de la correcta postura del cuerpo a lo largo de todo el d\u00eda. Su asiento permite repartir el peso del cuerpo c\u00f3modamente.<br>Elevable en altura y acolchada. Su dise\u00f1o amable es capaz de encajar en cualquier ambiente. Ha sido premiada con un&nbsp;German Design Award, uno de los premios internacionales de dise\u00f1o m\u00e1s exigentes.<br>Su base es de aluminio blanco con un tapizado en negro.<\/p>\n\n\n\n<p>Tu compra perfecta para estas rebajas.<\/p>\n\n\n\n<h3><strong>ESPECIFICACIONES T\u00c9CNICAS:<\/strong><\/h3>\n\n\n\n<h4><strong>RESPALDO<\/strong><\/h4>\n\n\n\n<ul><li>Tapizado en tela de alta calidad y durabilidad con espuma de 10 mm.<\/li><li>Regulable en altura con un rango de 7 cm.<\/li><li>Mecanismo sincronizado que permite la inclinaci\u00f3n del respaldo en 4 posiciones m\u00e1ximas manteniendo siempre el contacto con la silla, con este sistema se evita la sensaci\u00f3n de vuelco al empujar el respaldo hacia atr\u00e1s.<\/li><li>Ajuste de la dureza del movimiento de inclinaci\u00f3n del respaldo para adaptarse a la fuerza que ejercemos.<\/li><li>Posibilidad de bloqueo en la posici\u00f3n inicial, es decir, totalmente vertical sin ninguna inclinaci\u00f3n. Debido a las recomendaciones de ergonom\u00eda no se bloquea el respaldo en posici\u00f3n inclinada.<\/li><li>Apoyo lumbar ajustable en altura (5 cm) para evitar lesiones en la espalda, pudiendo fijarse en 7 posiciones.<\/li><\/ul>\n\n\n\n<h4><strong>ASIENTO<\/strong><\/h4>\n\n\n\n<ul><li>Tapizado en tela de alta calidad y durabilidad, espuma alta densidad 55-60kg\/m3.<\/li><li>Sistema de Air Comfort System, c\u00e1maras de aire que mejoran la distribuci\u00f3n del peso y por tanto la comodidad de la sentada.<\/li><li>Elevaci\u00f3n a gas del asiento para ajustar la altura de la silla, su rango es de 10 cm (43-53 cm, altura m\u00ednima y m\u00e1xima del asiento)<\/li><li>Desplazamiento horizontal del asiento en 8 posiciones, rango de 7 cm para ajustarlo a la largura de las piernas.<\/li><\/ul>\n\n\n\n<h4><strong>BRAZOS<\/strong><\/h4>\n\n\n\n<ul><li>Brazos con movimiento 3D.<\/li><li>Regulaci\u00f3n de altura: 7 cm \/ 7 posiciones.<\/li><li>Regulaci\u00f3n distancia entre brazos: 3 cm.<\/li><li>Rotaci\u00f3n 360\u00ba con sistema de bloqueo.<\/li><\/ul>\n\n\n\n<h4><strong>BASE<\/strong><\/h4>\n\n\n\n<ul><li>Base de aluminio blanco.<\/li><li>Ruedas silenciosas negras para suelos de dureza media o alta.<\/li><\/ul>\n\n\n\n<p>No dejes pasar esta oportunidad y aprovecha nuestras rebajas para conseguir la silla ergon\u00f3mica que necesitas para tu d\u00eda a d\u00eda.<\/p>\n","protected":false},"excerpt":{"rendered":"<p>En Espriu estamos de Rebajas y ahora puedes conseguir las mejores sillas ergon\u00f3micas al mejor precio. \u00a1Ah! y en 24 horas la tienes en casa con el env\u00edo gratis. No dejes pasar esta oportunidad de cuidar de tu espalda y de tu bienestar y aprovecha nuestras ofertas. Tnk Flex Tex PA en REBAJAS TNK Flex&nbsp;se [&hellip;]<\/p>\n","protected":false},"author":1,"featured_media":412,"comment_status":"open","ping_status":"open","sticky":false,"template":"","format":"standard","meta":[],"categories":[1],"tags":[73,74,33,61],"yoast_head":"<!-- This site is optimized with the Yoast SEO plugin v15.6.2 - https:\/\/yoast.com\/wordpress\/plugins\/seo\/ -->\n<title>REBAJAS: Las sillas ergon\u00f3micas que tienen que ser tuyas - Espriu Blog<\/title>\n<meta name=\"description\" content=\"\u00a1Estamos de Rebajas! Consigue las mejores sillas ergon\u00f3micas al mejor precio. \u00a1Ah! y en 24 horas la tienes en casa con el env\u00edo gratis.\" \/>\n<meta name=\"robots\" content=\"index, follow, max-snippet:-1, max-image-preview:large, max-video-preview:-1\" \/>\n<link rel=\"canonical\" href=\"https:\/\/www.espriu.es\/blog\/2022\/01\/14\/rebajas-las-sillas-ergonomicas-que-tienen-que-ser-tuyas\/\" \/>\n<meta property=\"og:locale\" content=\"es_ES\" \/>\n<meta property=\"og:type\" content=\"article\" \/>\n<meta property=\"og:title\" content=\"REBAJAS: Las sillas ergon\u00f3micas que tienen que ser tuyas - Espriu Blog\" \/>\n<meta property=\"og:description\" content=\"\u00a1Estamos de Rebajas! Consigue las mejores sillas ergon\u00f3micas al mejor precio. \u00a1Ah! y en 24 horas la tienes en casa con el env\u00edo gratis.\" \/>\n<meta property=\"og:url\" content=\"https:\/\/www.espriu.es\/blog\/2022\/01\/14\/rebajas-las-sillas-ergonomicas-que-tienen-que-ser-tuyas\/\" \/>\n<meta property=\"og:site_name\" content=\"Espriu Blog\" \/>\n<meta property=\"article:publisher\" content=\"https:\/\/www.facebook.com\/espriu.mobiliario\/\" \/>\n<meta property=\"article:published_time\" content=\"2022-01-14T10:23:59+00:00\" \/>\n<meta property=\"article:modified_time\" content=\"2022-01-14T10:24:01+00:00\" \/>\n<meta property=\"og:image\" content=\"https:\/\/www.espriu.es\/blog\/wp-content\/uploads\/2022\/01\/Blog01.jpg\" \/>\n\t<meta property=\"og:image:width\" content=\"1200\" \/>\n\t<meta property=\"og:image:height\" content=\"1200\" \/>\n<meta name=\"twitter:card\" content=\"summary_large_image\" \/>\n<meta name=\"twitter:creator\" content=\"@Espriumobiliar1\" \/>\n<meta name=\"twitter:site\" content=\"@Espriumobiliar1\" \/>\n<meta name=\"twitter:label1\" content=\"Tiempo de lectura\">\n\t<meta name=\"twitter:data1\" content=\"12 minutos\">\n<script type=\"application\/ld+json\" class=\"yoast-schema-graph\">{\"@context\":\"https:\/\/schema.org\",\"@graph\":[{\"@type\":\"WebSite\",\"@id\":\"https:\/\/www.espriu.es\/blog\/#website\",\"url\":\"https:\/\/www.espriu.es\/blog\/\",\"name\":\"Blog Espriu Mobiliario de Oficina y Teletrabajo\",\"description\":\"Blog Espriu.es - Mobiliario de oficina\",\"potentialAction\":[{\"@type\":\"SearchAction\",\"target\":\"https:\/\/www.espriu.es\/blog\/?s={search_term_string}\",\"query-input\":\"required name=search_term_string\"}],\"inLanguage\":\"es\"},{\"@type\":\"ImageObject\",\"@id\":\"https:\/\/www.espriu.es\/blog\/2022\/01\/14\/rebajas-las-sillas-ergonomicas-que-tienen-que-ser-tuyas\/#primaryimage\",\"inLanguage\":\"es\",\"url\":\"https:\/\/www.espriu.es\/blog\/wp-content\/uploads\/2022\/01\/Blog01.jpg\",\"width\":1200,\"height\":1200},{\"@type\":\"WebPage\",\"@id\":\"https:\/\/www.espriu.es\/blog\/2022\/01\/14\/rebajas-las-sillas-ergonomicas-que-tienen-que-ser-tuyas\/#webpage\",\"url\":\"https:\/\/www.espriu.es\/blog\/2022\/01\/14\/rebajas-las-sillas-ergonomicas-que-tienen-que-ser-tuyas\/\",\"name\":\"REBAJAS: Las sillas ergon\\u00f3micas que tienen que ser tuyas - Espriu Blog\",\"isPartOf\":{\"@id\":\"https:\/\/www.espriu.es\/blog\/#website\"},\"primaryImageOfPage\":{\"@id\":\"https:\/\/www.espriu.es\/blog\/2022\/01\/14\/rebajas-las-sillas-ergonomicas-que-tienen-que-ser-tuyas\/#primaryimage\"},\"datePublished\":\"2022-01-14T10:23:59+00:00\",\"dateModified\":\"2022-01-14T10:24:01+00:00\",\"author\":{\"@id\":\"https:\/\/www.espriu.es\/blog\/#\/schema\/person\/6c8e8e762449686d4557bc3d733054e1\"},\"description\":\"\\u00a1Estamos de Rebajas! Consigue las mejores sillas ergon\\u00f3micas al mejor precio. \\u00a1Ah! y en 24 horas la tienes en casa con el env\\u00edo gratis.\",\"inLanguage\":\"es\",\"potentialAction\":[{\"@type\":\"ReadAction\",\"target\":[\"https:\/\/www.espriu.es\/blog\/2022\/01\/14\/rebajas-las-sillas-ergonomicas-que-tienen-que-ser-tuyas\/\"]}]},{\"@type\":\"Person\",\"@id\":\"https:\/\/www.espriu.es\/blog\/#\/schema\/person\/6c8e8e762449686d4557bc3d733054e1\",\"name\":\"Espriu\",\"image\":{\"@type\":\"ImageObject\",\"@id\":\"https:\/\/www.espriu.es\/blog\/#personlogo\",\"inLanguage\":\"es\",\"url\":\"https:\/\/secure.gravatar.com\/avatar\/3f26188c3f4a4dfed016f22d4d35f33b?s=96&d=mm&r=g\",\"caption\":\"Espriu\"},\"sameAs\":[\"http:\/\/espriu.comercial.cc\/blog\"]}]}<\/script>\n<!-- \/ Yoast SEO plugin. -->","_links":{"self":[{"href":"https:\/\/www.espriu.es\/blog\/wp-json\/wp\/v2\/posts\/404"}],"collection":[{"href":"https:\/\/www.espriu.es\/blog\/wp-json\/wp\/v2\/posts"}],"about":[{"href":"https:\/\/www.espriu.es\/blog\/wp-json\/wp\/v2\/types\/post"}],"author":[{"embeddable":true,"href":"https:\/\/www.espriu.es\/blog\/wp-json\/wp\/v2\/users\/1"}],"replies":[{"embeddable":true,"href":"https:\/\/www.espriu.es\/blog\/wp-json\/wp\/v2\/comments?post=404"}],"version-history":[{"count":6,"href":"https:\/\/www.espriu.es\/blog\/wp-json\/wp\/v2\/posts\/404\/revisions"}],"predecessor-version":[{"id":413,"href":"https:\/\/www.espriu.es\/blog\/wp-json\/wp\/v2\/posts\/404\/revisions\/413"}],"wp:featuredmedia":[{"embeddable":true,"href":"https:\/\/www.espriu.es\/blog\/wp-json\/wp\/v2\/media\/412"}],"wp:attachment":[{"href":"https:\/\/www.espriu.es\/blog\/wp-json\/wp\/v2\/media?parent=404"}],"wp:term":[{"taxonomy":"category","embeddable":true,"href":"https:\/\/www.espriu.es\/blog\/wp-json\/wp\/v2\/categories?post=404"},{"taxonomy":"post_tag","embeddable":true,"href":"https:\/\/www.espriu.es\/blog\/wp-json\/wp\/v2\/tags?post=404"}],"curies":[{"name":"wp","href":"https:\/\/api.w.org\/{rel}","templated":true}]}}