{"id":438,"date":"2022-02-23T09:53:12","date_gmt":"2022-02-23T09:53:12","guid":{"rendered":"https:\/\/www.espriu.es\/blog\/?p=438"},"modified":"2022-02-23T09:53:14","modified_gmt":"2022-02-23T09:53:14","slug":"tips-para-reducir-el-estres-en-la-oficina","status":"publish","type":"post","link":"https:\/\/www.espriu.es\/blog\/2022\/02\/23\/tips-para-reducir-el-estres-en-la-oficina\/","title":{"rendered":"Tips para reducir el estr\u00e9s en la oficina"},"content":{"rendered":"\n<p>Todos hemos tenido alguna vez un mal d\u00eda en el trabajo. Incluso \u00e9pocas de mucho estr\u00e9s, bien por la sobrecarga de tareas o por dificultades en nuestra labor.<\/p>\n\n\n\n<p>La cuesti\u00f3n es que los problemas que nos surgen en el trabajo nos afectan y pueden llegar a provocarnos problemas de salud, por lo que debemos tomarnos el asunto bastante en serio.<\/p>\n\n\n\n<p>En el post de hoy os damos algunos consejos para reducir el estr\u00e9s en la oficina.<\/p>\n\n\n\n<h2>\u00bfA qu\u00e9 llamamos estr\u00e9s en el trabajo?<\/h2>\n\n\n\n<p>Seg\u00fan el<a href=\"https:\/\/www.insst.es\/\"> Instituto Nacional de Seguridad y Salud en el Trabajo<\/a> (INSST), el estr\u00e9s laboral es la respuesta f\u00edsica y emocional a un desequilibrio entre las exigencias percibidas y las capacidades de un individuo para hacer frente a dichas pretensiones.<\/p>\n\n\n\n<figure class=\"wp-block-image size-large\"><img loading=\"lazy\" width=\"1024\" height=\"683\" src=\"https:\/\/www.espriu.es\/blog\/wp-content\/uploads\/2022\/02\/elisa-ventur-bmJAXAz6ads-unsplash-1024x683.jpg\" alt=\"\" class=\"wp-image-446\" srcset=\"https:\/\/www.espriu.es\/blog\/wp-content\/uploads\/2022\/02\/elisa-ventur-bmJAXAz6ads-unsplash-1024x683.jpg 1024w, https:\/\/www.espriu.es\/blog\/wp-content\/uploads\/2022\/02\/elisa-ventur-bmJAXAz6ads-unsplash-300x200.jpg 300w, https:\/\/www.espriu.es\/blog\/wp-content\/uploads\/2022\/02\/elisa-ventur-bmJAXAz6ads-unsplash-445x298.jpg 445w, https:\/\/www.espriu.es\/blog\/wp-content\/uploads\/2022\/02\/elisa-ventur-bmJAXAz6ads-unsplash-768x512.jpg 768w, https:\/\/www.espriu.es\/blog\/wp-content\/uploads\/2022\/02\/elisa-ventur-bmJAXAz6ads-unsplash-1536x1024.jpg 1536w, https:\/\/www.espriu.es\/blog\/wp-content\/uploads\/2022\/02\/elisa-ventur-bmJAXAz6ads-unsplash-2048x1365.jpg 2048w\" sizes=\"(max-width: 1024px) 100vw, 1024px\" \/><\/figure>\n\n\n\n<p>O lo que es lo mismo, cuando una situaci\u00f3n en el trabajo nos supera y no nos vemos capaces de afrontarla o de encontrar una soluci\u00f3n.<\/p>\n\n\n\n<p>Esto puede sucedernos por diferentes motivos. Por tener una carga de trabajo excesiva, unas malas condiciones laborales, dificultades con alg\u00fan compa\u00f1ero&#8230; <\/p>\n\n\n\n<h2>S\u00edntomas de que tenemos estr\u00e9s en el trabajo<\/h2>\n\n\n\n<p>El estr\u00e9s laboral puede manifestarse de varias formas y puede afectarnos a nivel emocional y tambi\u00e9n f\u00edsico.<\/p>\n\n\n\n<p>Lo primero que solemos notar es la ansiedad, aunque tambi\u00e9n podemos sufrir cambios de humor, estar m\u00e1s irritables, \u00e1nimo bajo, desconcentraci\u00f3n o falta de motivaci\u00f3n, entre otras cosas.<\/p>\n\n\n\n<p>El estr\u00e9s puede llegar a afectarnos de forma f\u00edsica y provocarnos dolores de cabeza y dolores musculares, problemas para dormir y fatiga.<\/p>\n\n\n\n<p>Es fundamental estar atentos a estas se\u00f1ales de alarma para que el problema no vaya a m\u00e1s, ya que en casos m\u00e1s extremos, una situaci\u00f3n de estr\u00e9s laboral puede derivar en una depresi\u00f3n, problemas card\u00edacos, problemas de tensi\u00f3n&#8230;<\/p>\n\n\n\n<h2>Tips para reducir el estr\u00e9s en la oficina<\/h2>\n\n\n\n<p>Es cierto que no podemos evitar ciertas situaciones de tensi\u00f3n en nuestro d\u00eda a d\u00eda en la oficina, pero no puede convertirse en una din\u00e1mica habitual.<\/p>\n\n\n\n<p>Pasamos muchas horas de nuestra vida en nuestro lugar de trabajo y debemos procurar que ese tiempo sea de calidad.<\/p>\n\n\n\n<p>Hay ciertas pautas que podemos seguir para rebajar estas situaciones.<\/p>\n\n\n\n<h4>1. Planificar bien nuestro trabajo<\/h4>\n\n\n\n<p>A menudo la tensi\u00f3n viene por un exceso de trabajo, por lo que planificar nuestras tareas y priorizar que acciones son m\u00e1s importantes nos ayudar\u00e1 a que nos se nos acumule.<\/p>\n\n\n\n<figure class=\"wp-block-image size-large\"><img loading=\"lazy\" width=\"678\" height=\"1024\" src=\"https:\/\/www.espriu.es\/blog\/wp-content\/uploads\/2022\/02\/stil-ck0i9Dnjtj0-unsplash-678x1024.jpg\" alt=\"\" class=\"wp-image-447\" srcset=\"https:\/\/www.espriu.es\/blog\/wp-content\/uploads\/2022\/02\/stil-ck0i9Dnjtj0-unsplash-678x1024.jpg 678w, https:\/\/www.espriu.es\/blog\/wp-content\/uploads\/2022\/02\/stil-ck0i9Dnjtj0-unsplash-199x300.jpg 199w, https:\/\/www.espriu.es\/blog\/wp-content\/uploads\/2022\/02\/stil-ck0i9Dnjtj0-unsplash-768x1160.jpg 768w, https:\/\/www.espriu.es\/blog\/wp-content\/uploads\/2022\/02\/stil-ck0i9Dnjtj0-unsplash-1017x1536.jpg 1017w, https:\/\/www.espriu.es\/blog\/wp-content\/uploads\/2022\/02\/stil-ck0i9Dnjtj0-unsplash-1356x2048.jpg 1356w, https:\/\/www.espriu.es\/blog\/wp-content\/uploads\/2022\/02\/stil-ck0i9Dnjtj0-unsplash-scaled.jpg 1696w\" sizes=\"(max-width: 678px) 100vw, 678px\" \/><\/figure>\n\n\n\n<h4>2. Delegar<\/h4>\n\n\n\n<p>Tenemos que aprender a delegar o a solicitar ayuda en caso de necesitarla. Hay momentos en los que no podemos llegar a todo, tenemos que ser conscientes y apoyarnos en nuestros compa\u00f1eros.<\/p>\n\n\n\n<h4>3. Poner l\u00edmites y saber decir que no<\/h4>\n\n\n\n<p>Si algo de lo que nos piden en el trabajo nos resulta inc\u00f3modo, nos pone en un compromiso o no podemos con ello, tenemos que saber decir que no a tiempo.<\/p>\n\n\n\n<p>Si no ponemos ciertos l\u00edmites, pueden producirse situaciones que nos generen tensi\u00f3n.<\/p>\n\n\n\n<h4>4. Toma tus descansos y desconecta<\/h4>\n\n\n\n<p>Una jornada de 8 horas puede hacerse muy larga. Aunque tengas mucho trabajo no sacrifiques tus momentos de descanso.<\/p>\n\n\n\n<p>Si tienes tu tiempo para almorzar y tu tiempo para comer, \u00fasalo. En esos ratos intenta desconectar lo m\u00e1ximo posible de las tareas del trabajo.<\/p>\n\n\n\n<figure class=\"wp-block-image size-large\"><img loading=\"lazy\" width=\"1024\" height=\"683\" src=\"https:\/\/www.espriu.es\/blog\/wp-content\/uploads\/2022\/02\/cathryn-lavery-fMD_Cru6OTk-unsplash-1024x683.jpg\" alt=\"\" class=\"wp-image-448\" srcset=\"https:\/\/www.espriu.es\/blog\/wp-content\/uploads\/2022\/02\/cathryn-lavery-fMD_Cru6OTk-unsplash-1024x683.jpg 1024w, https:\/\/www.espriu.es\/blog\/wp-content\/uploads\/2022\/02\/cathryn-lavery-fMD_Cru6OTk-unsplash-300x200.jpg 300w, https:\/\/www.espriu.es\/blog\/wp-content\/uploads\/2022\/02\/cathryn-lavery-fMD_Cru6OTk-unsplash-445x298.jpg 445w, https:\/\/www.espriu.es\/blog\/wp-content\/uploads\/2022\/02\/cathryn-lavery-fMD_Cru6OTk-unsplash-768x512.jpg 768w, https:\/\/www.espriu.es\/blog\/wp-content\/uploads\/2022\/02\/cathryn-lavery-fMD_Cru6OTk-unsplash-1536x1024.jpg 1536w, https:\/\/www.espriu.es\/blog\/wp-content\/uploads\/2022\/02\/cathryn-lavery-fMD_Cru6OTk-unsplash-2048x1365.jpg 2048w\" sizes=\"(max-width: 1024px) 100vw, 1024px\" \/><\/figure>\n\n\n\n<p>Si tienes posibilidad de almorzar y comer fuera de la empresa, hazlo. Si hay alg\u00fan parque cerca de tu lugar de trabajo o alg\u00fan sitio tranquilo, ser\u00e1n los lugares perfectos.<\/p>\n\n\n\n<p>Si no tienes posibilidad de salir de la oficina, siempre puedes \u00abaislarte\u00bb un ratito con unos cascos y aprovechar para escuchar m\u00fasica o ver alg\u00fan cap\u00edtulo de una serie o leer alg\u00fan libro. Cualquier cosa que te permita evadirte.<\/p>\n\n\n\n<p>Adem\u00e1s de las pausas establecidas para comer, si pasamos mucho tiempo sentados frente a un ordenador, es importante descansar cada cierto tiempo la vista, por ejemplo, o levantarnos para estirar los m\u00fasculos un par de minutos.<\/p>\n\n\n\n<h4>5. Apuesta por tu bienestar<\/h4>\n\n\n\n<p>Como coment\u00e1bamos antes, pasamos muchas horas en nuestro lugar de trabajo, por eso es imprescindible que disfrutemos de cierto bienestar.<\/p>\n\n\n\n<p>Si nos sentimos bien, nos ser\u00e1 m\u00e1s f\u00e1cil gestionar las situaciones de estr\u00e9s. Sentirnos c\u00f3modos en la oficina es importante, por eso necesitamos un mobiliario adecuado que se adapte a nuestras funciones y a nuestras necesidades.<\/p>\n\n\n\n<p>Lo ideal es disponer de una silla ergon\u00f3mica que nos ayude a prevenir dolores de espalda y otros dolores musculares. Tambi\u00e9n una mesa amplia en la que podamos organizar y tener a mano todo lo que necesitamos en el d\u00eda a d\u00eda.<\/p>\n\n\n\n<figure class=\"wp-block-image size-large\"><a href=\"https:\/\/www.espriu.es\/sillas\/776-46291-silla-forma5-kineo.html#\/23157-color_asiento_forma5-crema_72502\"><img loading=\"lazy\" width=\"800\" height=\"800\" src=\"https:\/\/www.espriu.es\/blog\/wp-content\/uploads\/2022\/02\/silla-forma5-kineo.jpg\" alt=\"\" class=\"wp-image-449\" srcset=\"https:\/\/www.espriu.es\/blog\/wp-content\/uploads\/2022\/02\/silla-forma5-kineo.jpg 800w, https:\/\/www.espriu.es\/blog\/wp-content\/uploads\/2022\/02\/silla-forma5-kineo-300x300.jpg 300w, https:\/\/www.espriu.es\/blog\/wp-content\/uploads\/2022\/02\/silla-forma5-kineo-768x768.jpg 768w\" sizes=\"(max-width: 800px) 100vw, 800px\" \/><\/a><figcaption><a href=\"https:\/\/www.espriu.es\/sillas\/776-46291-silla-forma5-kineo.html#\/23157-color_asiento_forma5-crema_72502\">Silla Forma5 Kineo<\/a><\/figcaption><\/figure>\n\n\n\n<p>Adem\u00e1s, debemos adoptar ciertas costumbres con las que poco a poco nos iremos sintiendo mejor. Es importante cuidar nuestra alimentaci\u00f3n e intentar que sea equilibrada.<\/p>\n\n\n\n<p>Tambi\u00e9n es importante hacer ejercicio, eso nos ayudar\u00e1 a desconectar y a cuidar nuestra salud.<\/p>\n\n\n\n<p>Sabemos que a veces es complicado, pero si ponemos en pr\u00e1ctica estas pautas conseguiremos controlar el estr\u00e9s, seremos m\u00e1s productivos y m\u00e1s felices.<\/p>\n\n\n\n<h2><br><\/h2>\n","protected":false},"excerpt":{"rendered":"<p>Todos hemos tenido alguna vez un mal d\u00eda en el trabajo. Incluso \u00e9pocas de mucho estr\u00e9s, bien por la sobrecarga de tareas o por dificultades en nuestra labor. La cuesti\u00f3n es que los problemas que nos surgen en el trabajo nos afectan y pueden llegar a provocarnos problemas de salud, por lo que debemos tomarnos [&hellip;]<\/p>\n","protected":false},"author":1,"featured_media":450,"comment_status":"open","ping_status":"open","sticky":false,"template":"","format":"standard","meta":[],"categories":[1],"tags":[77,78,48,18,79],"yoast_head":"<!-- This site is optimized with the Yoast SEO plugin v15.6.2 - https:\/\/yoast.com\/wordpress\/plugins\/seo\/ -->\n<title>Tips para reducir el estr\u00e9s en la oficina - Espriu Blog<\/title>\n<meta name=\"description\" content=\"Es importante saber gestionar las situaciones de estr\u00e9s en el trabajo para que no afecte a nuestra salud. Hoy os damos algunos tips\" \/>\n<meta name=\"robots\" content=\"index, follow, max-snippet:-1, max-image-preview:large, max-video-preview:-1\" \/>\n<link rel=\"canonical\" href=\"https:\/\/www.espriu.es\/blog\/2022\/02\/23\/tips-para-reducir-el-estres-en-la-oficina\/\" \/>\n<meta property=\"og:locale\" content=\"es_ES\" \/>\n<meta property=\"og:type\" content=\"article\" \/>\n<meta property=\"og:title\" content=\"Tips para reducir el estr\u00e9s en la oficina - Espriu Blog\" \/>\n<meta property=\"og:description\" content=\"Es importante saber gestionar las situaciones de estr\u00e9s en el trabajo para que no afecte a nuestra salud. Hoy os damos algunos tips\" \/>\n<meta property=\"og:url\" content=\"https:\/\/www.espriu.es\/blog\/2022\/02\/23\/tips-para-reducir-el-estres-en-la-oficina\/\" \/>\n<meta property=\"og:site_name\" content=\"Espriu Blog\" \/>\n<meta property=\"article:publisher\" content=\"https:\/\/www.facebook.com\/espriu.mobiliario\/\" \/>\n<meta property=\"article:published_time\" content=\"2022-02-23T09:53:12+00:00\" \/>\n<meta property=\"article:modified_time\" content=\"2022-02-23T09:53:14+00:00\" \/>\n<meta property=\"og:image\" content=\"https:\/\/www.espriu.es\/blog\/wp-content\/uploads\/2022\/02\/25-02-2022_Blog.jpg\" \/>\n\t<meta property=\"og:image:width\" content=\"2000\" \/>\n\t<meta property=\"og:image:height\" content=\"2000\" \/>\n<meta name=\"twitter:card\" content=\"summary_large_image\" \/>\n<meta name=\"twitter:creator\" content=\"@Espriumobiliar1\" \/>\n<meta name=\"twitter:site\" content=\"@Espriumobiliar1\" \/>\n<meta name=\"twitter:label1\" content=\"Tiempo de lectura\">\n\t<meta name=\"twitter:data1\" content=\"5 minutos\">\n<script type=\"application\/ld+json\" class=\"yoast-schema-graph\">{\"@context\":\"https:\/\/schema.org\",\"@graph\":[{\"@type\":\"WebSite\",\"@id\":\"https:\/\/www.espriu.es\/blog\/#website\",\"url\":\"https:\/\/www.espriu.es\/blog\/\",\"name\":\"Blog Espriu Mobiliario de Oficina y Teletrabajo\",\"description\":\"Blog Espriu.es - Mobiliario de oficina\",\"potentialAction\":[{\"@type\":\"SearchAction\",\"target\":\"https:\/\/www.espriu.es\/blog\/?s={search_term_string}\",\"query-input\":\"required name=search_term_string\"}],\"inLanguage\":\"es\"},{\"@type\":\"ImageObject\",\"@id\":\"https:\/\/www.espriu.es\/blog\/2022\/02\/23\/tips-para-reducir-el-estres-en-la-oficina\/#primaryimage\",\"inLanguage\":\"es\",\"url\":\"https:\/\/www.espriu.es\/blog\/wp-content\/uploads\/2022\/02\/25-02-2022_Blog.jpg\",\"width\":2000,\"height\":2000},{\"@type\":\"WebPage\",\"@id\":\"https:\/\/www.espriu.es\/blog\/2022\/02\/23\/tips-para-reducir-el-estres-en-la-oficina\/#webpage\",\"url\":\"https:\/\/www.espriu.es\/blog\/2022\/02\/23\/tips-para-reducir-el-estres-en-la-oficina\/\",\"name\":\"Tips para reducir el estr\\u00e9s en la oficina - Espriu Blog\",\"isPartOf\":{\"@id\":\"https:\/\/www.espriu.es\/blog\/#website\"},\"primaryImageOfPage\":{\"@id\":\"https:\/\/www.espriu.es\/blog\/2022\/02\/23\/tips-para-reducir-el-estres-en-la-oficina\/#primaryimage\"},\"datePublished\":\"2022-02-23T09:53:12+00:00\",\"dateModified\":\"2022-02-23T09:53:14+00:00\",\"author\":{\"@id\":\"https:\/\/www.espriu.es\/blog\/#\/schema\/person\/6c8e8e762449686d4557bc3d733054e1\"},\"description\":\"Es importante saber gestionar las situaciones de estr\\u00e9s en el trabajo para que no afecte a nuestra salud. Hoy os damos algunos tips\",\"inLanguage\":\"es\",\"potentialAction\":[{\"@type\":\"ReadAction\",\"target\":[\"https:\/\/www.espriu.es\/blog\/2022\/02\/23\/tips-para-reducir-el-estres-en-la-oficina\/\"]}]},{\"@type\":\"Person\",\"@id\":\"https:\/\/www.espriu.es\/blog\/#\/schema\/person\/6c8e8e762449686d4557bc3d733054e1\",\"name\":\"Espriu\",\"image\":{\"@type\":\"ImageObject\",\"@id\":\"https:\/\/www.espriu.es\/blog\/#personlogo\",\"inLanguage\":\"es\",\"url\":\"https:\/\/secure.gravatar.com\/avatar\/3f26188c3f4a4dfed016f22d4d35f33b?s=96&d=mm&r=g\",\"caption\":\"Espriu\"},\"sameAs\":[\"http:\/\/espriu.comercial.cc\/blog\"]}]}<\/script>\n<!-- \/ Yoast SEO plugin. -->","_links":{"self":[{"href":"https:\/\/www.espriu.es\/blog\/wp-json\/wp\/v2\/posts\/438"}],"collection":[{"href":"https:\/\/www.espriu.es\/blog\/wp-json\/wp\/v2\/posts"}],"about":[{"href":"https:\/\/www.espriu.es\/blog\/wp-json\/wp\/v2\/types\/post"}],"author":[{"embeddable":true,"href":"https:\/\/www.espriu.es\/blog\/wp-json\/wp\/v2\/users\/1"}],"replies":[{"embeddable":true,"href":"https:\/\/www.espriu.es\/blog\/wp-json\/wp\/v2\/comments?post=438"}],"version-history":[{"count":8,"href":"https:\/\/www.espriu.es\/blog\/wp-json\/wp\/v2\/posts\/438\/revisions"}],"predecessor-version":[{"id":451,"href":"https:\/\/www.espriu.es\/blog\/wp-json\/wp\/v2\/posts\/438\/revisions\/451"}],"wp:featuredmedia":[{"embeddable":true,"href":"https:\/\/www.espriu.es\/blog\/wp-json\/wp\/v2\/media\/450"}],"wp:attachment":[{"href":"https:\/\/www.espriu.es\/blog\/wp-json\/wp\/v2\/media?parent=438"}],"wp:term":[{"taxonomy":"category","embeddable":true,"href":"https:\/\/www.espriu.es\/blog\/wp-json\/wp\/v2\/categories?post=438"},{"taxonomy":"post_tag","embeddable":true,"href":"https:\/\/www.espriu.es\/blog\/wp-json\/wp\/v2\/tags?post=438"}],"curies":[{"name":"wp","href":"https:\/\/api.w.org\/{rel}","templated":true}]}}