{"id":50,"date":"2021-01-18T17:03:45","date_gmt":"2021-01-18T17:03:45","guid":{"rendered":"https:\/\/www.espriu.es\/blog\/?p=50"},"modified":"2021-01-18T17:03:47","modified_gmt":"2021-01-18T17:03:47","slug":"oficina-en-casa-pequena","status":"publish","type":"post","link":"https:\/\/www.espriu.es\/blog\/2021\/01\/18\/oficina-en-casa-pequena\/","title":{"rendered":"\u00bfOficina en casa peque\u00f1a? Tips para sacarle el m\u00e1ximo partido"},"content":{"rendered":"\n<p>A ra\u00edz de la situaci\u00f3n actual, el teletrabajo ha aumentado considerablemente. y con ello la necesidad de tener una oficina en casa.<\/p>\n\n\n\n<p>Somos muchos los que hemos adoptado esta modalidad de trabajo de forma permanente o para el desempe\u00f1o de la mayor parte de nuestra jornada laboral.<\/p>\n\n\n\n<p>En cualquier caso, esto se traduce en tener que habilitar una oficina en casa. <\/p>\n\n\n\n<p>Es habitual encontrarnos con un problema de espacio y que el lugar donde podemos instalar nuestra oficina en casa, sea una estancia peque\u00f1a.<\/p>\n\n\n\n<figure class=\"wp-block-image size-large\"><img loading=\"lazy\" width=\"800\" height=\"800\" src=\"https:\/\/www.espriu.es\/blog\/wp-content\/uploads\/2021\/01\/mesa-tak-1.jpg\" alt=\"\" class=\"wp-image-51\" srcset=\"https:\/\/www.espriu.es\/blog\/wp-content\/uploads\/2021\/01\/mesa-tak-1.jpg 800w, https:\/\/www.espriu.es\/blog\/wp-content\/uploads\/2021\/01\/mesa-tak-1-300x300.jpg 300w, https:\/\/www.espriu.es\/blog\/wp-content\/uploads\/2021\/01\/mesa-tak-1-150x150.jpg 150w, https:\/\/www.espriu.es\/blog\/wp-content\/uploads\/2021\/01\/mesa-tak-1-768x768.jpg 768w\" sizes=\"(max-width: 800px) 100vw, 800px\" \/><figcaption><a href=\"https:\/\/www.espriu.es\/mesa-oficina\/160-38867-mesa-tak.html#\/12830-color-acacia_clara_103\/12920-1_dimensiones-160_x_100_cm\/12924-necesitas_completar_tu_mesa_con_una_ala_medida_80x60_cm-no\">Mesa De Despacho Tak Mobellinea<\/a><\/figcaption><\/figure>\n\n\n\n<p>En el art\u00edculo de hoy desde Espriu te damos algunos consejos para sacar el m\u00e1ximo partido a tu oficina en casa.<\/p>\n\n\n\n<h3><strong>Muebles vers\u00e1tiles<\/strong> para una oficina en casa<\/h3>\n\n\n\n<p>Cuando intentamos robar cent\u00edmetros donde no los hay, elegir los muebles de oficina adecuados ser\u00e1 fundamental.<\/p>\n\n\n\n<p>Debemos intentar que sean lo m\u00e1s vers\u00e1tiles posible y que su dise\u00f1o sea funcional. Por ejemplo, es conveniente que los muebles auxiliares dispongan de ruedas, as\u00ed podremos cambiarlos de ubicaci\u00f3n o moverlos con facilidad si es necesario.<\/p>\n\n\n\n<figure class=\"wp-block-image size-large\"><img loading=\"lazy\" width=\"800\" height=\"800\" src=\"https:\/\/www.espriu.es\/blog\/wp-content\/uploads\/2021\/01\/cajonera-economica-para-oficina.jpg\" alt=\"\" class=\"wp-image-52\" srcset=\"https:\/\/www.espriu.es\/blog\/wp-content\/uploads\/2021\/01\/cajonera-economica-para-oficina.jpg 800w, https:\/\/www.espriu.es\/blog\/wp-content\/uploads\/2021\/01\/cajonera-economica-para-oficina-300x300.jpg 300w, https:\/\/www.espriu.es\/blog\/wp-content\/uploads\/2021\/01\/cajonera-economica-para-oficina-150x150.jpg 150w, https:\/\/www.espriu.es\/blog\/wp-content\/uploads\/2021\/01\/cajonera-economica-para-oficina-768x768.jpg 768w\" sizes=\"(max-width: 800px) 100vw, 800px\" \/><figcaption><a href=\"https:\/\/www.espriu.es\/muebles-archivadores\/388-40204-cajonera-economica-para-oficina.html#\/9531-color-blanco_00\">Buck Cajonera A<\/a><\/figcaption><\/figure>\n\n\n\n<h3><strong>La importancia de la mesa y la silla de trabajo<\/strong> <\/h3>\n\n\n\n<p>Sin duda, la mesa es el epicentro de nuestro espacio de trabajo. Aunque nuestro espacio sea limitado, la mesa es la protagonista, por lo que hay que tener en cuenta que debe ser lo suficientemente amplia como para desempe\u00f1ar nuestra labor con total comodidad.<\/p>\n\n\n\n<figure class=\"wp-block-image size-large\"><img loading=\"lazy\" width=\"800\" height=\"800\" src=\"https:\/\/www.espriu.es\/blog\/wp-content\/uploads\/2021\/01\/mesa-vital-plus.jpg\" alt=\"\" class=\"wp-image-54\" srcset=\"https:\/\/www.espriu.es\/blog\/wp-content\/uploads\/2021\/01\/mesa-vital-plus.jpg 800w, https:\/\/www.espriu.es\/blog\/wp-content\/uploads\/2021\/01\/mesa-vital-plus-300x300.jpg 300w, https:\/\/www.espriu.es\/blog\/wp-content\/uploads\/2021\/01\/mesa-vital-plus-150x150.jpg 150w, https:\/\/www.espriu.es\/blog\/wp-content\/uploads\/2021\/01\/mesa-vital-plus-768x768.jpg 768w\" sizes=\"(max-width: 800px) 100vw, 800px\" \/><figcaption><a href=\"https:\/\/www.espriu.es\/mesa-oficina\/213-44802-mesa-vital-plus.html#\/9531-color-blanco_00\/15435-el_ala_auxiliar_la_necesita_izquierda_o_derecha-izquierda\/19610-faldon-no\/19793-bandeja_metalica_pasacables-no\/20067-1_dimensiones-160_x_80_cm\/21996-necesita_acceso_a_cableado-no_no_lo_necesito\">Mesa Vital Plus Actiu + Ala Armario<br><\/a><\/figcaption><\/figure>\n\n\n\n<p>Lo m\u00e1s esencial es que tenga el tama\u00f1o adecuado para tu ordenador, los dem\u00e1s aparatos tecnol\u00f3gicos que uses, y para almacenar los documentos que necesites tener a mano en el d\u00eda a d\u00eda.<\/p>\n\n\n\n<p>Los consejos b\u00e1sicos son: que se adapte bien a la altura de la mesa; que sea regulable; que te permita escribir con los brazos en \u00e1ngulo recto frente al teclado; y que puedas apoyar la parte baja de la espalda.<\/p>\n\n\n\n<h3><strong>El orden nos ahorra espacio<\/strong> <\/h3>\n\n\n\n<p>Aunque no lo creas, tener ordenada tu oficina har\u00e1 que sea m\u00e1s amplia. Visualmente se ver\u00e1 m\u00e1s despejada.<\/p>\n\n\n\n<p>Adem\u00e1s, si guardamos aquello que no utilizamos con mucha frecuencia, tendremos m\u00e1s espacio para el resto de elementos que son indispensables en nuestra jornada laboral.<\/p>\n\n\n\n<figure class=\"wp-block-image size-large\"><img loading=\"lazy\" width=\"800\" height=\"800\" src=\"https:\/\/www.espriu.es\/blog\/wp-content\/uploads\/2021\/01\/mesa-tak-mobel.jpg\" alt=\"\" class=\"wp-image-55\" srcset=\"https:\/\/www.espriu.es\/blog\/wp-content\/uploads\/2021\/01\/mesa-tak-mobel.jpg 800w, https:\/\/www.espriu.es\/blog\/wp-content\/uploads\/2021\/01\/mesa-tak-mobel-300x300.jpg 300w, https:\/\/www.espriu.es\/blog\/wp-content\/uploads\/2021\/01\/mesa-tak-mobel-768x768.jpg 768w, https:\/\/www.espriu.es\/blog\/wp-content\/uploads\/2021\/01\/mesa-tak-mobel-150x150.jpg 150w\" sizes=\"(max-width: 800px) 100vw, 800px\" \/><figcaption><a href=\"https:\/\/www.espriu.es\/mesa-oficina\/408-40238-mesa-tak-mobel.html#\/12830-color-acacia_clara_103\/12920-1_dimensiones-160_x_100_cm\">Mesa Tak Mobellinea Apoyo Buck<\/a><\/figcaption><\/figure>\n\n\n\n<p>Si la estancia nos lo permite, es conveniente tener un peque\u00f1o armario muebles de archivo que no ocupan mucho espacio pero que nos hacen un gran papel.<\/p>\n\n\n\n<p>La acumulaci\u00f3n de cables y enchufes convierte el despacho y la mesa de trabajo en una pesadilla y nos roban espacio, as\u00ed que debemos intentar \u201cesconderlos\u201d y colocarlos correctamente para que no molesten.<\/p>\n\n\n\n<h3><strong>Aprovechar al m\u00e1ximo el espacio<\/strong> de nuestra oficina en casa<\/h3>\n\n\n\n<p>&nbsp;Lo ideal es a\u00f1adir espacio de almacenamiento en las paredes.<\/p>\n\n\n\n<figure class=\"wp-block-image size-large\"><img loading=\"lazy\" width=\"800\" height=\"800\" src=\"https:\/\/www.espriu.es\/blog\/wp-content\/uploads\/2021\/01\/mesa-vital-pro.jpg\" alt=\"\" class=\"wp-image-53\" srcset=\"https:\/\/www.espriu.es\/blog\/wp-content\/uploads\/2021\/01\/mesa-vital-pro.jpg 800w, https:\/\/www.espriu.es\/blog\/wp-content\/uploads\/2021\/01\/mesa-vital-pro-300x300.jpg 300w, https:\/\/www.espriu.es\/blog\/wp-content\/uploads\/2021\/01\/mesa-vital-pro-768x768.jpg 768w, https:\/\/www.espriu.es\/blog\/wp-content\/uploads\/2021\/01\/mesa-vital-pro-150x150.jpg 150w\" sizes=\"(max-width: 800px) 100vw, 800px\" \/><figcaption><a href=\"https:\/\/www.espriu.es\/mesa-oficina\/648-42121-mesa-vital-pro.html#\/5471-estructura-aluminio_mate\/9531-color-blanco_00\/9544-1_dimensiones-120_x_80_cm\/19610-faldon-no\/21850-necesitas_completar_tu_mesa_con_una_ala_de_96_cm_x_60_cm-no\/21851-opcion_electrificacion_1_bandeja_cableado-no\/21854-opcion_electrificacion_2_hueco-no\">Mesa Vital Pro Actiu<\/a><\/figcaption><\/figure>\n\n\n\n<p>Las estanter\u00edas son un recurso genial para colocar todas tus cosas de forma ordenada y f\u00e1cil de localizar.<\/p>\n\n\n\n<p>No obstante, debemos intentar no recargar mucho el espacio con muebles innecesarios o demasiado voluminosos.<\/p>\n\n\n\n<h3><strong>El color nos regala cent\u00edmetros visuales<\/strong><\/h3>\n\n\n\n<p>Elegir el color adecuado para las paredes y los textiles -como las cortinas o estores- es fundamental a la hora de crear una sensaci\u00f3n de amplitud.<\/p>\n\n\n\n<p>Lo m\u00e1s recomendable es poner tonos neutros y de tonalidades claras, como el blanco o el gris, combinado con un toque de color, si quieres. Pero la base debe estar en la paleta de colores claros.<\/p>\n\n\n\n<p>Recuerda que menos es m\u00e1s, es importante tener los muebles justos y necesarios para desempe\u00f1ar con la mayor comodidad nuestro trabajo, aunque el espacio de nuestra oficina sea reducido.<\/p>\n\n\n\n<p>Si tienes cualquier duda, visita nuestra web <a href=\"https:\/\/www.espriu.es\/\">www.espriu.es<\/a> y te ayudamos.<\/p>\n","protected":false},"excerpt":{"rendered":"<p>A ra\u00edz de la situaci\u00f3n actual, el teletrabajo ha aumentado considerablemente. y con ello la necesidad de tener una oficina en casa. Somos muchos los que hemos adoptado esta modalidad de trabajo de forma permanente o para el desempe\u00f1o de la mayor parte de nuestra jornada laboral. En cualquier caso, esto se traduce en tener [&hellip;]<\/p>\n","protected":false},"author":1,"featured_media":55,"comment_status":"open","ping_status":"open","sticky":false,"template":"","format":"standard","meta":[],"categories":[1],"tags":[20,17,19,18,8,5],"yoast_head":"<!-- This site is optimized with the Yoast SEO plugin v15.6.2 - https:\/\/yoast.com\/wordpress\/plugins\/seo\/ -->\n<title>\u00bfOficina en casa peque\u00f1a? Tips para sacarle el m\u00e1ximo partido - Espriu Blog<\/title>\n<meta name=\"description\" content=\"La falta de espacio es habitual y que el lugar donde podemos instalar nuestra oficina en casa, sea una estancia peque\u00f1a. Sigue nuestros tips!\" \/>\n<meta name=\"robots\" content=\"index, follow, max-snippet:-1, max-image-preview:large, max-video-preview:-1\" \/>\n<link rel=\"canonical\" href=\"https:\/\/www.espriu.es\/blog\/2021\/01\/18\/oficina-en-casa-pequena\/\" \/>\n<meta property=\"og:locale\" content=\"es_ES\" \/>\n<meta property=\"og:type\" content=\"article\" \/>\n<meta property=\"og:title\" content=\"\u00bfOficina en casa peque\u00f1a? Tips para sacarle el m\u00e1ximo partido - Espriu Blog\" \/>\n<meta property=\"og:description\" content=\"La falta de espacio es habitual y que el lugar donde podemos instalar nuestra oficina en casa, sea una estancia peque\u00f1a. Sigue nuestros tips!\" \/>\n<meta property=\"og:url\" content=\"https:\/\/www.espriu.es\/blog\/2021\/01\/18\/oficina-en-casa-pequena\/\" \/>\n<meta property=\"og:site_name\" content=\"Espriu Blog\" \/>\n<meta property=\"article:publisher\" content=\"https:\/\/www.facebook.com\/espriu.mobiliario\/\" \/>\n<meta property=\"article:published_time\" content=\"2021-01-18T17:03:45+00:00\" \/>\n<meta property=\"article:modified_time\" content=\"2021-01-18T17:03:47+00:00\" \/>\n<meta property=\"og:image\" content=\"https:\/\/www.espriu.es\/blog\/wp-content\/uploads\/2021\/01\/mesa-tak-mobel.jpg\" \/>\n\t<meta property=\"og:image:width\" content=\"800\" \/>\n\t<meta property=\"og:image:height\" content=\"800\" \/>\n<meta name=\"twitter:card\" content=\"summary_large_image\" \/>\n<meta name=\"twitter:creator\" content=\"@Espriumobiliar1\" \/>\n<meta name=\"twitter:site\" content=\"@Espriumobiliar1\" \/>\n<meta name=\"twitter:label1\" content=\"Tiempo de lectura\">\n\t<meta name=\"twitter:data1\" content=\"4 minutos\">\n<script type=\"application\/ld+json\" class=\"yoast-schema-graph\">{\"@context\":\"https:\/\/schema.org\",\"@graph\":[{\"@type\":\"WebSite\",\"@id\":\"https:\/\/www.espriu.es\/blog\/#website\",\"url\":\"https:\/\/www.espriu.es\/blog\/\",\"name\":\"Blog Espriu Mobiliario de Oficina y Teletrabajo\",\"description\":\"Blog Espriu.es - Mobiliario de oficina\",\"potentialAction\":[{\"@type\":\"SearchAction\",\"target\":\"https:\/\/www.espriu.es\/blog\/?s={search_term_string}\",\"query-input\":\"required name=search_term_string\"}],\"inLanguage\":\"es\"},{\"@type\":\"ImageObject\",\"@id\":\"https:\/\/www.espriu.es\/blog\/2021\/01\/18\/oficina-en-casa-pequena\/#primaryimage\",\"inLanguage\":\"es\",\"url\":\"https:\/\/www.espriu.es\/blog\/wp-content\/uploads\/2021\/01\/mesa-tak-mobel.jpg\",\"width\":800,\"height\":800},{\"@type\":\"WebPage\",\"@id\":\"https:\/\/www.espriu.es\/blog\/2021\/01\/18\/oficina-en-casa-pequena\/#webpage\",\"url\":\"https:\/\/www.espriu.es\/blog\/2021\/01\/18\/oficina-en-casa-pequena\/\",\"name\":\"\\u00bfOficina en casa peque\\u00f1a? Tips para sacarle el m\\u00e1ximo partido - Espriu Blog\",\"isPartOf\":{\"@id\":\"https:\/\/www.espriu.es\/blog\/#website\"},\"primaryImageOfPage\":{\"@id\":\"https:\/\/www.espriu.es\/blog\/2021\/01\/18\/oficina-en-casa-pequena\/#primaryimage\"},\"datePublished\":\"2021-01-18T17:03:45+00:00\",\"dateModified\":\"2021-01-18T17:03:47+00:00\",\"author\":{\"@id\":\"https:\/\/www.espriu.es\/blog\/#\/schema\/person\/6c8e8e762449686d4557bc3d733054e1\"},\"description\":\"La falta de espacio es habitual y que el lugar donde podemos instalar nuestra oficina en casa, sea una estancia peque\\u00f1a. Sigue nuestros tips!\",\"inLanguage\":\"es\",\"potentialAction\":[{\"@type\":\"ReadAction\",\"target\":[\"https:\/\/www.espriu.es\/blog\/2021\/01\/18\/oficina-en-casa-pequena\/\"]}]},{\"@type\":\"Person\",\"@id\":\"https:\/\/www.espriu.es\/blog\/#\/schema\/person\/6c8e8e762449686d4557bc3d733054e1\",\"name\":\"Espriu\",\"image\":{\"@type\":\"ImageObject\",\"@id\":\"https:\/\/www.espriu.es\/blog\/#personlogo\",\"inLanguage\":\"es\",\"url\":\"https:\/\/secure.gravatar.com\/avatar\/3f26188c3f4a4dfed016f22d4d35f33b?s=96&d=mm&r=g\",\"caption\":\"Espriu\"},\"sameAs\":[\"http:\/\/espriu.comercial.cc\/blog\"]}]}<\/script>\n<!-- \/ Yoast SEO plugin. -->","_links":{"self":[{"href":"https:\/\/www.espriu.es\/blog\/wp-json\/wp\/v2\/posts\/50"}],"collection":[{"href":"https:\/\/www.espriu.es\/blog\/wp-json\/wp\/v2\/posts"}],"about":[{"href":"https:\/\/www.espriu.es\/blog\/wp-json\/wp\/v2\/types\/post"}],"author":[{"embeddable":true,"href":"https:\/\/www.espriu.es\/blog\/wp-json\/wp\/v2\/users\/1"}],"replies":[{"embeddable":true,"href":"https:\/\/www.espriu.es\/blog\/wp-json\/wp\/v2\/comments?post=50"}],"version-history":[{"count":1,"href":"https:\/\/www.espriu.es\/blog\/wp-json\/wp\/v2\/posts\/50\/revisions"}],"predecessor-version":[{"id":56,"href":"https:\/\/www.espriu.es\/blog\/wp-json\/wp\/v2\/posts\/50\/revisions\/56"}],"wp:featuredmedia":[{"embeddable":true,"href":"https:\/\/www.espriu.es\/blog\/wp-json\/wp\/v2\/media\/55"}],"wp:attachment":[{"href":"https:\/\/www.espriu.es\/blog\/wp-json\/wp\/v2\/media?parent=50"}],"wp:term":[{"taxonomy":"category","embeddable":true,"href":"https:\/\/www.espriu.es\/blog\/wp-json\/wp\/v2\/categories?post=50"},{"taxonomy":"post_tag","embeddable":true,"href":"https:\/\/www.espriu.es\/blog\/wp-json\/wp\/v2\/tags?post=50"}],"curies":[{"name":"wp","href":"https:\/\/api.w.org\/{rel}","templated":true}]}}