{"id":58,"date":"2021-01-29T12:32:59","date_gmt":"2021-01-29T12:32:59","guid":{"rendered":"https:\/\/www.espriu.es\/blog\/?p=58"},"modified":"2021-01-29T12:33:01","modified_gmt":"2021-01-29T12:33:01","slug":"la-importancia-de-un-diseno-integral-en-un-espacio-de-trabajo","status":"publish","type":"post","link":"https:\/\/www.espriu.es\/blog\/2021\/01\/29\/la-importancia-de-un-diseno-integral-en-un-espacio-de-trabajo\/","title":{"rendered":"La importancia de un dise\u00f1o integral en un espacio de trabajo"},"content":{"rendered":"\n<p>El dise\u00f1o integral en los espacios de trabajo tiene una enorme importancia y es algo que las empresas han comprendido y est\u00e1n implantando.<\/p>\n\n\n\n<p>Compa\u00f1\u00edas como Facebook o Google fueron pioneras en los dise\u00f1os novedosos de sus centros de trabajo, algo que ya utilizan como marca de la propia empresa.<\/p>\n\n\n\n<p>Esto las ha convertido en referente en calidad y potente reclamo para sus empleados. Las propias oficinas con sus dise\u00f1os integrales,  se han transformado en un elemento de branding inmejorable. <\/p>\n\n\n\n<h3>\u00bfQu\u00e9 es el dise\u00f1o integral de espacios de trabajo?<\/h3>\n\n\n\n<p>Realizar un dise\u00f1o integral en un espacio de trabajo significa combinar todos los elementos de forma que se equilibren las necesidades propias de la empresa con la comodidad y necesidades de los empleados.<\/p>\n\n\n\n<figure class=\"wp-block-image size-large\"><img loading=\"lazy\" width=\"800\" height=\"800\" src=\"https:\/\/www.espriu.es\/blog\/wp-content\/uploads\/2021\/01\/mesa-sigma.jpg\" alt=\"\" class=\"wp-image-59\" srcset=\"https:\/\/www.espriu.es\/blog\/wp-content\/uploads\/2021\/01\/mesa-sigma.jpg 800w, https:\/\/www.espriu.es\/blog\/wp-content\/uploads\/2021\/01\/mesa-sigma-300x300.jpg 300w, https:\/\/www.espriu.es\/blog\/wp-content\/uploads\/2021\/01\/mesa-sigma-150x150.jpg 150w, https:\/\/www.espriu.es\/blog\/wp-content\/uploads\/2021\/01\/mesa-sigma-768x768.jpg 768w\" sizes=\"(max-width: 800px) 100vw, 800px\" \/><figcaption><a href=\"https:\/\/www.espriu.es\/mesa-oficina\/156-38792-mesa-sigma.html#\/5471-estructura-aluminio_mate\/9544-1_dimensiones-120_x_80_cm\/9551-necesitas_completar_tu_mesa_con_una_ala-no\/12830-color-acacia_clara_103\">Mesa Sigma Mobellinea Oficina<\/a><\/figcaption><\/figure>\n\n\n\n<h3>Imprescindibles en un buen dise\u00f1o integral<\/h3>\n\n\n\n<h4>La distribuci\u00f3n<\/h4>\n\n\n\n<p>La distribuci\u00f3n debe de ser la que mejor permita que se aproveche el espacio y la que sea m\u00e1s c\u00f3moda y efectiva.<\/p>\n\n\n\n<p>Crear una gran sala de juntas que se utiliza una vez al a\u00f1o no tiene mucho sentido y estamos desperdiciando un espacio que se puede dedicar a otras funciones, por ejemplo.<\/p>\n\n\n\n<h4>La comodidad como base de la productividad<\/h4>\n\n\n\n<p>Si un trabajador se siente c\u00f3modo en su lugar de trabajo, ser\u00e1 m\u00e1s productivo.<\/p>\n\n\n\n<p>Cada vez m\u00e1s, el dise\u00f1o integral busca humanizar los espacios de trabajo y que los empleados perciban su oficina como algo cercano, casi una extensi\u00f3n de su propio hogar.<\/p>\n\n\n\n<figure class=\"wp-block-image size-large\"><img loading=\"lazy\" width=\"800\" height=\"800\" src=\"https:\/\/www.espriu.es\/blog\/wp-content\/uploads\/2021\/01\/mesa-eco-1.jpg\" alt=\"\" class=\"wp-image-60\" srcset=\"https:\/\/www.espriu.es\/blog\/wp-content\/uploads\/2021\/01\/mesa-eco-1.jpg 800w, https:\/\/www.espriu.es\/blog\/wp-content\/uploads\/2021\/01\/mesa-eco-1-300x300.jpg 300w, https:\/\/www.espriu.es\/blog\/wp-content\/uploads\/2021\/01\/mesa-eco-1-768x768.jpg 768w, https:\/\/www.espriu.es\/blog\/wp-content\/uploads\/2021\/01\/mesa-eco-1-150x150.jpg 150w\" sizes=\"(max-width: 800px) 100vw, 800px\" \/><figcaption><a href=\"https:\/\/www.espriu.es\/mesa-oficina\/159-38857-mesa-eco.html#\/5471-estructura-aluminio_mate\/9544-1_dimensiones-120_x_80_cm\/9551-necesitas_completar_tu_mesa_con_una_ala-no\/12830-color-acacia_clara_103\">Mesa Eco Mobellinea<br><\/a><\/figcaption><\/figure>\n\n\n\n<p>Es por ello que el mobiliario debe de ser el adecuado, sillas ergon\u00f3micas, mesas adecuadas a su jornada laboral, espacios comunes que inviten a desconectar&#8230;<\/p>\n\n\n\n<h4>La comunicaci\u00f3n lo es todo<\/h4>\n\n\n\n<p>El dise\u00f1o integral del espacio de trabajo debe de ser vers\u00e1til y promover la comunicaci\u00f3n, por eso hay que fomentar lo espacios abiertos, donde el trabajo diario se vuelve m\u00e1s flexible y se potencia la relaci\u00f3n entre los trabajadores.<\/p>\n\n\n\n<figure class=\"wp-block-image size-large\"><img loading=\"lazy\" width=\"800\" height=\"800\" src=\"https:\/\/www.espriu.es\/blog\/wp-content\/uploads\/2021\/01\/mesa-twist-actiu.jpg\" alt=\"\" class=\"wp-image-61\" srcset=\"https:\/\/www.espriu.es\/blog\/wp-content\/uploads\/2021\/01\/mesa-twist-actiu.jpg 800w, https:\/\/www.espriu.es\/blog\/wp-content\/uploads\/2021\/01\/mesa-twist-actiu-300x300.jpg 300w, https:\/\/www.espriu.es\/blog\/wp-content\/uploads\/2021\/01\/mesa-twist-actiu-150x150.jpg 150w, https:\/\/www.espriu.es\/blog\/wp-content\/uploads\/2021\/01\/mesa-twist-actiu-768x768.jpg 768w\" sizes=\"(max-width: 800px) 100vw, 800px\" \/><figcaption><a href=\"https:\/\/www.espriu.es\/mesa-oficina\/519-44565-mesa-twist-actiu.html#\/5515-estructura-blanco\/9531-color-blanco_00\/15640-necesitas_completar_tu_mesa_con_separador_divisoria-no\/22404-1_dimensiones-133x1986x100\/22973-desea_canal_de_electrificacion-no_sin_acceso_cableado\">Mesa Twist Isla De Trabajo<br><\/a><\/figcaption><\/figure>\n\n\n\n<p>Esto crea sinergias de trabajo y de colaboraci\u00f3n en el d\u00eda a d\u00eda muy positivas.<\/p>\n\n\n\n<h3>Factores a tener en cuenta<\/h3>\n\n\n\n<p>Hay una serie de factores que tambi\u00e9n debemos tener en cuenta a la hora de plantear un dise\u00f1o integral de \u00e9xito y que son fundamentales.<\/p>\n\n\n\n<h4>La iluminaci\u00f3n<\/h4>\n\n\n\n<p>Disponer de una buena iluminaci\u00f3n es muy importante, no solo para el perfecto desarrollo del trabajo, sino porque tambi\u00e9n influye en el estado de \u00e1nimo de los empleados.<\/p>\n\n\n\n<figure class=\"wp-block-image size-large\"><img loading=\"lazy\" width=\"800\" height=\"800\" src=\"https:\/\/www.espriu.es\/blog\/wp-content\/uploads\/2021\/01\/mesa-tube-quadrifogio.jpg\" alt=\"\" class=\"wp-image-62\" srcset=\"https:\/\/www.espriu.es\/blog\/wp-content\/uploads\/2021\/01\/mesa-tube-quadrifogio.jpg 800w, https:\/\/www.espriu.es\/blog\/wp-content\/uploads\/2021\/01\/mesa-tube-quadrifogio-300x300.jpg 300w, https:\/\/www.espriu.es\/blog\/wp-content\/uploads\/2021\/01\/mesa-tube-quadrifogio-150x150.jpg 150w, https:\/\/www.espriu.es\/blog\/wp-content\/uploads\/2021\/01\/mesa-tube-quadrifogio-768x768.jpg 768w\" sizes=\"(max-width: 800px) 100vw, 800px\" \/><figcaption><a href=\"https:\/\/www.espriu.es\/mesa-oficina\/164-38903-mesa-tube-quadrifogio.html#\/5471-estructura-aluminio_mate\/9551-necesitas_completar_tu_mesa_con_una_ala-no\/13325-color-blanco_ba\/13335-1_dimensiones-100_x_60_cm\">Mesa De Despacho Tube Quadrifoglio<br><\/a><\/figcaption><\/figure>\n\n\n\n<p>El dise\u00f1o debe de aprovechar la luz natural y en caso de que esto no sea posible, introducir elementos de iluminaci\u00f3n artificial que consigan crear el mismo efecto.<\/p>\n\n\n\n<h4>Los colores<\/h4>\n\n\n\n<p>Los colores influyen en el estado de \u00e1nimo, esto es importante tenerlo en cuenta a la hora de escoger los tonos que predominar\u00e1n en el espacio de trabajo.<\/p>\n\n\n\n<figure class=\"wp-block-image size-large\"><img loading=\"lazy\" width=\"800\" height=\"800\" src=\"https:\/\/www.espriu.es\/blog\/wp-content\/uploads\/2021\/01\/mesa-cool-e-100-d.jpg\" alt=\"\" class=\"wp-image-63\" srcset=\"https:\/\/www.espriu.es\/blog\/wp-content\/uploads\/2021\/01\/mesa-cool-e-100-d.jpg 800w, https:\/\/www.espriu.es\/blog\/wp-content\/uploads\/2021\/01\/mesa-cool-e-100-d-300x300.jpg 300w, https:\/\/www.espriu.es\/blog\/wp-content\/uploads\/2021\/01\/mesa-cool-e-100-d-150x150.jpg 150w, https:\/\/www.espriu.es\/blog\/wp-content\/uploads\/2021\/01\/mesa-cool-e-100-d-768x768.jpg 768w\" sizes=\"(max-width: 800px) 100vw, 800px\" \/><figcaption><a href=\"https:\/\/www.espriu.es\/mesa-oficina\/539-43371-mesa-cool-e-100-d.html#\/5515-estructura-blanco\/9531-color-blanco_00\/20916-1_dimensiones-140_x_80_cm\/21720-desea_acceso_cableado-no_sin_acceso_cableado\/22973-desea_canal_de_electrificacion-no_sin_acceso_cableado\">Mesa Cool E-100 D<br><\/a><\/figcaption><\/figure>\n\n\n\n<p>Las tonalidades suaves transmiten tranquilidad y relax y los verdes y morados estimulan la imaginaci\u00f3n y la creatividad, por ejemplo.<\/p>\n\n\n\n<p>Siguiendo estas pautas, el dise\u00f1o integral de nuestro espacio de trabajo ser\u00e1 un \u00e9xito.<\/p>\n\n\n\n<p>En Espriu llevamos muchos a\u00f1os creando, dise\u00f1ando y ejecutando espacios de trabajo para nuestros clientes, <a href=\"https:\/\/www.espriu.es\/\">cons\u00faltanos<\/a> sin compromiso y crea la oficina perfecta para el \u00e9xito de tu empresa.<\/p>\n","protected":false},"excerpt":{"rendered":"<p>El dise\u00f1o integral en los espacios de trabajo tiene una enorme importancia y es algo que las empresas han comprendido y est\u00e1n implantando. Compa\u00f1\u00edas como Facebook o Google fueron pioneras en los dise\u00f1os novedosos de sus centros de trabajo, algo que ya utilizan como marca de la propia empresa. Esto las ha convertido en referente [&hellip;]<\/p>\n","protected":false},"author":1,"featured_media":60,"comment_status":"open","ping_status":"open","sticky":false,"template":"","format":"standard","meta":[],"categories":[21],"tags":[23,16,18],"yoast_head":"<!-- This site is optimized with the Yoast SEO plugin v15.6.2 - https:\/\/yoast.com\/wordpress\/plugins\/seo\/ -->\n<title>La importancia de un dise\u00f1o integral en un espacio de trabajo - Espriu Blog<\/title>\n<meta name=\"description\" content=\"El dise\u00f1o integral en los espacios de trabajo tiene una enorme importancia y es algo que las empresas han comprendido y est\u00e1n implantando.\" \/>\n<meta name=\"robots\" content=\"index, follow, max-snippet:-1, max-image-preview:large, max-video-preview:-1\" \/>\n<link rel=\"canonical\" href=\"https:\/\/www.espriu.es\/blog\/2021\/01\/29\/la-importancia-de-un-diseno-integral-en-un-espacio-de-trabajo\/\" \/>\n<meta property=\"og:locale\" content=\"es_ES\" \/>\n<meta property=\"og:type\" content=\"article\" \/>\n<meta property=\"og:title\" content=\"La importancia de un dise\u00f1o integral en un espacio de trabajo - Espriu Blog\" \/>\n<meta property=\"og:description\" content=\"El dise\u00f1o integral en los espacios de trabajo tiene una enorme importancia y es algo que las empresas han comprendido y est\u00e1n implantando.\" \/>\n<meta property=\"og:url\" content=\"https:\/\/www.espriu.es\/blog\/2021\/01\/29\/la-importancia-de-un-diseno-integral-en-un-espacio-de-trabajo\/\" \/>\n<meta property=\"og:site_name\" content=\"Espriu Blog\" \/>\n<meta property=\"article:publisher\" content=\"https:\/\/www.facebook.com\/espriu.mobiliario\/\" \/>\n<meta property=\"article:published_time\" content=\"2021-01-29T12:32:59+00:00\" \/>\n<meta property=\"article:modified_time\" content=\"2021-01-29T12:33:01+00:00\" \/>\n<meta property=\"og:image\" content=\"https:\/\/www.espriu.es\/blog\/wp-content\/uploads\/2021\/01\/mesa-eco-1.jpg\" \/>\n\t<meta property=\"og:image:width\" content=\"800\" \/>\n\t<meta property=\"og:image:height\" content=\"800\" \/>\n<meta name=\"twitter:card\" content=\"summary_large_image\" \/>\n<meta name=\"twitter:creator\" content=\"@Espriumobiliar1\" \/>\n<meta name=\"twitter:site\" content=\"@Espriumobiliar1\" \/>\n<meta name=\"twitter:label1\" content=\"Tiempo de lectura\">\n\t<meta name=\"twitter:data1\" content=\"4 minutos\">\n<script type=\"application\/ld+json\" class=\"yoast-schema-graph\">{\"@context\":\"https:\/\/schema.org\",\"@graph\":[{\"@type\":\"WebSite\",\"@id\":\"https:\/\/www.espriu.es\/blog\/#website\",\"url\":\"https:\/\/www.espriu.es\/blog\/\",\"name\":\"Blog Espriu Mobiliario de Oficina y Teletrabajo\",\"description\":\"Blog Espriu.es - Mobiliario de oficina\",\"potentialAction\":[{\"@type\":\"SearchAction\",\"target\":\"https:\/\/www.espriu.es\/blog\/?s={search_term_string}\",\"query-input\":\"required name=search_term_string\"}],\"inLanguage\":\"es\"},{\"@type\":\"ImageObject\",\"@id\":\"https:\/\/www.espriu.es\/blog\/2021\/01\/29\/la-importancia-de-un-diseno-integral-en-un-espacio-de-trabajo\/#primaryimage\",\"inLanguage\":\"es\",\"url\":\"https:\/\/www.espriu.es\/blog\/wp-content\/uploads\/2021\/01\/mesa-eco-1.jpg\",\"width\":800,\"height\":800},{\"@type\":\"WebPage\",\"@id\":\"https:\/\/www.espriu.es\/blog\/2021\/01\/29\/la-importancia-de-un-diseno-integral-en-un-espacio-de-trabajo\/#webpage\",\"url\":\"https:\/\/www.espriu.es\/blog\/2021\/01\/29\/la-importancia-de-un-diseno-integral-en-un-espacio-de-trabajo\/\",\"name\":\"La importancia de un dise\\u00f1o integral en un espacio de trabajo - Espriu Blog\",\"isPartOf\":{\"@id\":\"https:\/\/www.espriu.es\/blog\/#website\"},\"primaryImageOfPage\":{\"@id\":\"https:\/\/www.espriu.es\/blog\/2021\/01\/29\/la-importancia-de-un-diseno-integral-en-un-espacio-de-trabajo\/#primaryimage\"},\"datePublished\":\"2021-01-29T12:32:59+00:00\",\"dateModified\":\"2021-01-29T12:33:01+00:00\",\"author\":{\"@id\":\"https:\/\/www.espriu.es\/blog\/#\/schema\/person\/6c8e8e762449686d4557bc3d733054e1\"},\"description\":\"El dise\\u00f1o integral en los espacios de trabajo tiene una enorme importancia y es algo que las empresas han comprendido y est\\u00e1n implantando.\",\"inLanguage\":\"es\",\"potentialAction\":[{\"@type\":\"ReadAction\",\"target\":[\"https:\/\/www.espriu.es\/blog\/2021\/01\/29\/la-importancia-de-un-diseno-integral-en-un-espacio-de-trabajo\/\"]}]},{\"@type\":\"Person\",\"@id\":\"https:\/\/www.espriu.es\/blog\/#\/schema\/person\/6c8e8e762449686d4557bc3d733054e1\",\"name\":\"Espriu\",\"image\":{\"@type\":\"ImageObject\",\"@id\":\"https:\/\/www.espriu.es\/blog\/#personlogo\",\"inLanguage\":\"es\",\"url\":\"https:\/\/secure.gravatar.com\/avatar\/3f26188c3f4a4dfed016f22d4d35f33b?s=96&d=mm&r=g\",\"caption\":\"Espriu\"},\"sameAs\":[\"http:\/\/espriu.comercial.cc\/blog\"]}]}<\/script>\n<!-- \/ Yoast SEO plugin. -->","_links":{"self":[{"href":"https:\/\/www.espriu.es\/blog\/wp-json\/wp\/v2\/posts\/58"}],"collection":[{"href":"https:\/\/www.espriu.es\/blog\/wp-json\/wp\/v2\/posts"}],"about":[{"href":"https:\/\/www.espriu.es\/blog\/wp-json\/wp\/v2\/types\/post"}],"author":[{"embeddable":true,"href":"https:\/\/www.espriu.es\/blog\/wp-json\/wp\/v2\/users\/1"}],"replies":[{"embeddable":true,"href":"https:\/\/www.espriu.es\/blog\/wp-json\/wp\/v2\/comments?post=58"}],"version-history":[{"count":1,"href":"https:\/\/www.espriu.es\/blog\/wp-json\/wp\/v2\/posts\/58\/revisions"}],"predecessor-version":[{"id":64,"href":"https:\/\/www.espriu.es\/blog\/wp-json\/wp\/v2\/posts\/58\/revisions\/64"}],"wp:featuredmedia":[{"embeddable":true,"href":"https:\/\/www.espriu.es\/blog\/wp-json\/wp\/v2\/media\/60"}],"wp:attachment":[{"href":"https:\/\/www.espriu.es\/blog\/wp-json\/wp\/v2\/media?parent=58"}],"wp:term":[{"taxonomy":"category","embeddable":true,"href":"https:\/\/www.espriu.es\/blog\/wp-json\/wp\/v2\/categories?post=58"},{"taxonomy":"post_tag","embeddable":true,"href":"https:\/\/www.espriu.es\/blog\/wp-json\/wp\/v2\/tags?post=58"}],"curies":[{"name":"wp","href":"https:\/\/api.w.org\/{rel}","templated":true}]}}