{"id":673,"date":"2023-01-27T09:26:33","date_gmt":"2023-01-27T09:26:33","guid":{"rendered":"https:\/\/www.espriu.es\/blog\/?p=673"},"modified":"2023-01-27T09:26:35","modified_gmt":"2023-01-27T09:26:35","slug":"modelo-de-oficina-de-las-4-c","status":"publish","type":"post","link":"https:\/\/www.espriu.es\/blog\/2023\/01\/27\/modelo-de-oficina-de-las-4-c\/","title":{"rendered":"\u00bfConoces el modelo de oficina de las 4 C? Te lo explicamos"},"content":{"rendered":"\n<p>Modelo de oficina de las 4 C. Igual no te suena, pero si te preguntamos:<\/p>\n\n\n\n<p>\u00bfEst\u00e1s buscando una forma de mejorar la productividad y el bienestar de tus empleados en su espacio de trabajo?<\/p>\n\n\n\n<p>Pues deber\u00edas implementar el modelo de oficina de las 4 C.<\/p>\n\n\n\n<p>En el art\u00edculo de hoy te contamos en qu\u00e9 consiste.<\/p>\n\n\n\n<h2>Modelo de oficina de las 4 C<\/h2>\n\n\n\n<p>El modelo de oficina de las cuatro C es un enfoque innovador para el dise\u00f1o de espacios de trabajo que busca maximizar la comodidad, la colaboraci\u00f3n, la creatividad y la conectividad. <\/p>\n\n\n\n<p>Este modelo se basa en la idea de que un espacio de trabajo bien dise\u00f1ado puede mejorar la productividad y el bienestar de los empleados, y tambi\u00e9n puede ayudar a atraer y retener talentos.<\/p>\n\n\n\n<h3>1. Comodidad<\/h3>\n\n\n\n<p>La comodidad es la primera \u00abC\u00bb.<\/p>\n\n\n\n<p>El dise\u00f1o de un espacio de trabajo c\u00f3modo es fundamental para el bienestar de los empleados. <\/p>\n\n\n\n<p>Esto incluye la selecci\u00f3n de mobiliario ergon\u00f3mico, la iluminaci\u00f3n adecuada y la temperatura controlada. <\/p>\n\n\n\n<figure class=\"wp-block-image size-large\"><a href=\"https:\/\/www.espriu.es\/sillas\/37-silla-tnk-59789.html\"><img loading=\"lazy\" width=\"800\" height=\"800\" src=\"https:\/\/www.espriu.es\/blog\/wp-content\/uploads\/2023\/01\/silla-tnk.jpg\" alt=\"\" class=\"wp-image-676\" srcset=\"https:\/\/www.espriu.es\/blog\/wp-content\/uploads\/2023\/01\/silla-tnk.jpg 800w, https:\/\/www.espriu.es\/blog\/wp-content\/uploads\/2023\/01\/silla-tnk-300x300.jpg 300w, https:\/\/www.espriu.es\/blog\/wp-content\/uploads\/2023\/01\/silla-tnk-768x768.jpg 768w\" sizes=\"(max-width: 800px) 100vw, 800px\" \/><\/a><figcaption><a href=\"https:\/\/www.espriu.es\/sillas\/37-silla-tnk-59789.html\">Silla TNK 500 Actiu Malla<\/a><\/figcaption><\/figure>\n\n\n\n<p>El mobiliario ergon\u00f3mico, como las sillas y las mesas ajustables, puede ayudar a reducir el dolor en el cuello, la espalda y los hombros, lo que puede mejorar la productividad y disminuir la tasa de ausentismo.<\/p>\n\n\n\n<h3>2. Colaboraci\u00f3n<\/h3>\n\n\n\n<p>La colaboraci\u00f3n es la segunda \u00abC\u00bb.<\/p>\n\n\n\n<p>La colaboraci\u00f3n es una parte esencial de cualquier empresa moderna. <\/p>\n\n\n\n<p>El dise\u00f1o de un espacio de trabajo que promueve la colaboraci\u00f3n puede ayudar a fomentar la comunicaci\u00f3n y la colaboraci\u00f3n entre los empleados.<\/p>\n\n\n\n<figure class=\"wp-block-image size-large\"><a href=\"https:\/\/www.espriu.es\/mesa-oficina\/965-mesa-tabula-actiu-80901.html\"><img loading=\"lazy\" width=\"800\" height=\"522\" src=\"https:\/\/www.espriu.es\/blog\/wp-content\/uploads\/2023\/01\/mesa-tabula-actiu.jpg\" alt=\"\" class=\"wp-image-679\" srcset=\"https:\/\/www.espriu.es\/blog\/wp-content\/uploads\/2023\/01\/mesa-tabula-actiu.jpg 800w, https:\/\/www.espriu.es\/blog\/wp-content\/uploads\/2023\/01\/mesa-tabula-actiu-300x196.jpg 300w, https:\/\/www.espriu.es\/blog\/wp-content\/uploads\/2023\/01\/mesa-tabula-actiu-768x501.jpg 768w\" sizes=\"(max-width: 800px) 100vw, 800px\" \/><\/a><figcaption><a href=\"https:\/\/www.espriu.es\/mesa-oficina\/965-mesa-tabula-actiu-80901.html\">Mesa Tabula Tar-10 Actiu Servicio Express<\/a><\/figcaption><\/figure>\n\n\n\n<p>Esto puede incluir la creaci\u00f3n de zonas de trabajo abiertas, la implementaci\u00f3n de tecnolog\u00edas de colaboraci\u00f3n y la selecci\u00f3n de mobiliario que promueve la interacci\u00f3n.<\/p>\n\n\n\n<h3>3. Creatividad<\/h3>\n\n\n\n<p>La creatividad es la tercera \u00abC\u00bb.<\/p>\n\n\n\n<p>La creatividad es esencial para el \u00e9xito de cualquier empresa. <\/p>\n\n\n\n<p>El dise\u00f1o de un espacio de trabajo creativo puede ayudar a estimular la creatividad y la innovaci\u00f3n de los empleados. <\/p>\n\n\n\n<figure class=\"wp-block-image size-large\"><a href=\"https:\/\/www.espriu.es\/mesa-oficina\/964-mesa-longo-nomada-80862.html\"><img loading=\"lazy\" width=\"800\" height=\"800\" src=\"https:\/\/www.espriu.es\/blog\/wp-content\/uploads\/2023\/01\/mesa-longo-nomada.jpg\" alt=\"\" class=\"wp-image-677\" srcset=\"https:\/\/www.espriu.es\/blog\/wp-content\/uploads\/2023\/01\/mesa-longo-nomada.jpg 800w, https:\/\/www.espriu.es\/blog\/wp-content\/uploads\/2023\/01\/mesa-longo-nomada-300x300.jpg 300w, https:\/\/www.espriu.es\/blog\/wp-content\/uploads\/2023\/01\/mesa-longo-nomada-768x768.jpg 768w\" sizes=\"(max-width: 800px) 100vw, 800px\" \/><\/a><figcaption><a href=\"https:\/\/www.espriu.es\/mesa-oficina\/964-mesa-longo-nomada-80862.html\">Mesa Longo N\u00f3mada Servicio Express<\/a><\/figcaption><\/figure>\n\n\n\n<p>Esto puede incluir la incorporaci\u00f3n de elementos de dise\u00f1o \u00fanico, como plantas o arte, y la creaci\u00f3n de zonas de trabajo inspiradoras.<\/p>\n\n\n\n<h3>4. Conectividad<\/h3>\n\n\n\n<p>La conectividad es la cuarta \u00abC\u00bb.<\/p>\n\n\n\n<p>La conectividad es crucial para cualquier empresa en la era digital. <\/p>\n\n\n\n<p>El dise\u00f1o de un espacio de trabajo conectado puede ayudar a asegurar que los empleados tengan acceso a las herramientas y tecnolog\u00edas necesarias para hacer su trabajo de manera eficiente. <\/p>\n\n\n\n<figure class=\"wp-block-image size-large\"><a href=\"https:\/\/www.espriu.es\/mesa-oficina\/645-mesa-mobility-s-r-71724.html\"><img loading=\"lazy\" width=\"800\" height=\"800\" src=\"https:\/\/www.espriu.es\/blog\/wp-content\/uploads\/2023\/01\/mesa-mobility-s-r.jpg\" alt=\"\" class=\"wp-image-678\" srcset=\"https:\/\/www.espriu.es\/blog\/wp-content\/uploads\/2023\/01\/mesa-mobility-s-r.jpg 800w, https:\/\/www.espriu.es\/blog\/wp-content\/uploads\/2023\/01\/mesa-mobility-s-r-300x300.jpg 300w, https:\/\/www.espriu.es\/blog\/wp-content\/uploads\/2023\/01\/mesa-mobility-s-r-768x768.jpg 768w\" sizes=\"(max-width: 800px) 100vw, 800px\" \/><\/a><figcaption><a href=\"https:\/\/www.espriu.es\/mesa-oficina\/645-mesa-mobility-s-r-71724.html\">Mesa Mobility Direcci\u00f3n\/Juntas<\/a><\/figcaption><\/figure>\n\n\n\n<p>Esto puede incluir la incorporaci\u00f3n de tecnolog\u00edas de conectividad, como Wi-Fi de alta velocidad o puntos de acceso USB.<\/p>\n\n\n\n<p>En resumen, el modelo de oficina de las cuatro C es un enfoque innovador para el dise\u00f1o de espacios de trabajo que busca maximizar la comodidad, la colaboraci\u00f3n, la creatividad y la conectividad. <\/p>\n\n\n\n<p>A trav\u00e9s de la implementaci\u00f3n de estas cuatro caracter\u00edsticas, las empresas pueden mejorar la productividad y el bienestar de sus trabajadores.<\/p>\n\n\n\n<p>Consulta con nosotros y te ayudamos a crear tu espacio de trabajo perfecto.<\/p>\n\n\n\n<p>Vis\u00edtanos en<a href=\"https:\/\/www.espriu.es\/\"> www.espriu.es<\/a>.<\/p>\n","protected":false},"excerpt":{"rendered":"<p>Modelo de oficina de las 4 C. Igual no te suena, pero si te preguntamos: \u00bfEst\u00e1s buscando una forma de mejorar la productividad y el bienestar de tus empleados en su espacio de trabajo? Pues deber\u00edas implementar el modelo de oficina de las 4 C. En el art\u00edculo de hoy te contamos en qu\u00e9 consiste. [&hellip;]<\/p>\n","protected":false},"author":1,"featured_media":680,"comment_status":"open","ping_status":"open","sticky":false,"template":"","format":"standard","meta":[],"categories":[86,60],"tags":[30,127,128,12,126,96],"yoast_head":"<!-- This site is optimized with the Yoast SEO plugin v15.6.2 - https:\/\/yoast.com\/wordpress\/plugins\/seo\/ -->\n<title>\u00bfConoces el modelo de oficina de las 4 C? Te lo explicamos - Espriu Blog<\/title>\n<meta name=\"description\" content=\"El modelo de oficina de las 4 C es un enfoque innovador para el dise\u00f1o de espacios de trabajo. Te contamos en qu\u00e9 consiste\" \/>\n<meta name=\"robots\" content=\"index, follow, max-snippet:-1, max-image-preview:large, max-video-preview:-1\" \/>\n<link rel=\"canonical\" href=\"https:\/\/www.espriu.es\/blog\/2023\/01\/27\/modelo-de-oficina-de-las-4-c\/\" \/>\n<meta property=\"og:locale\" content=\"es_ES\" \/>\n<meta property=\"og:type\" content=\"article\" \/>\n<meta property=\"og:title\" content=\"\u00bfConoces el modelo de oficina de las 4 C? Te lo explicamos - Espriu Blog\" \/>\n<meta property=\"og:description\" content=\"El modelo de oficina de las 4 C es un enfoque innovador para el dise\u00f1o de espacios de trabajo. Te contamos en qu\u00e9 consiste\" \/>\n<meta property=\"og:url\" content=\"https:\/\/www.espriu.es\/blog\/2023\/01\/27\/modelo-de-oficina-de-las-4-c\/\" \/>\n<meta property=\"og:site_name\" content=\"Espriu Blog\" \/>\n<meta property=\"article:publisher\" content=\"https:\/\/www.facebook.com\/espriu.mobiliario\/\" \/>\n<meta property=\"article:published_time\" content=\"2023-01-27T09:26:33+00:00\" \/>\n<meta property=\"article:modified_time\" content=\"2023-01-27T09:26:35+00:00\" \/>\n<meta property=\"og:image\" content=\"https:\/\/www.espriu.es\/blog\/wp-content\/uploads\/2023\/01\/130123_Blog.jpg\" \/>\n\t<meta property=\"og:image:width\" content=\"2000\" \/>\n\t<meta property=\"og:image:height\" content=\"2000\" \/>\n<meta name=\"twitter:card\" content=\"summary_large_image\" \/>\n<meta name=\"twitter:creator\" content=\"@Espriumobiliar1\" \/>\n<meta name=\"twitter:site\" content=\"@Espriumobiliar1\" \/>\n<meta name=\"twitter:label1\" content=\"Tiempo de lectura\">\n\t<meta name=\"twitter:data1\" content=\"3 minutos\">\n<script type=\"application\/ld+json\" class=\"yoast-schema-graph\">{\"@context\":\"https:\/\/schema.org\",\"@graph\":[{\"@type\":\"WebSite\",\"@id\":\"https:\/\/www.espriu.es\/blog\/#website\",\"url\":\"https:\/\/www.espriu.es\/blog\/\",\"name\":\"Blog Espriu Mobiliario de Oficina y Teletrabajo\",\"description\":\"Blog Espriu.es - Mobiliario de oficina\",\"potentialAction\":[{\"@type\":\"SearchAction\",\"target\":\"https:\/\/www.espriu.es\/blog\/?s={search_term_string}\",\"query-input\":\"required name=search_term_string\"}],\"inLanguage\":\"es\"},{\"@type\":\"ImageObject\",\"@id\":\"https:\/\/www.espriu.es\/blog\/2023\/01\/27\/modelo-de-oficina-de-las-4-c\/#primaryimage\",\"inLanguage\":\"es\",\"url\":\"https:\/\/www.espriu.es\/blog\/wp-content\/uploads\/2023\/01\/130123_Blog.jpg\",\"width\":2000,\"height\":2000},{\"@type\":\"WebPage\",\"@id\":\"https:\/\/www.espriu.es\/blog\/2023\/01\/27\/modelo-de-oficina-de-las-4-c\/#webpage\",\"url\":\"https:\/\/www.espriu.es\/blog\/2023\/01\/27\/modelo-de-oficina-de-las-4-c\/\",\"name\":\"\\u00bfConoces el modelo de oficina de las 4 C? Te lo explicamos - Espriu Blog\",\"isPartOf\":{\"@id\":\"https:\/\/www.espriu.es\/blog\/#website\"},\"primaryImageOfPage\":{\"@id\":\"https:\/\/www.espriu.es\/blog\/2023\/01\/27\/modelo-de-oficina-de-las-4-c\/#primaryimage\"},\"datePublished\":\"2023-01-27T09:26:33+00:00\",\"dateModified\":\"2023-01-27T09:26:35+00:00\",\"author\":{\"@id\":\"https:\/\/www.espriu.es\/blog\/#\/schema\/person\/6c8e8e762449686d4557bc3d733054e1\"},\"description\":\"El modelo de oficina de las 4 C es un enfoque innovador para el dise\\u00f1o de espacios de trabajo. Te contamos en qu\\u00e9 consiste\",\"inLanguage\":\"es\",\"potentialAction\":[{\"@type\":\"ReadAction\",\"target\":[\"https:\/\/www.espriu.es\/blog\/2023\/01\/27\/modelo-de-oficina-de-las-4-c\/\"]}]},{\"@type\":\"Person\",\"@id\":\"https:\/\/www.espriu.es\/blog\/#\/schema\/person\/6c8e8e762449686d4557bc3d733054e1\",\"name\":\"Espriu\",\"image\":{\"@type\":\"ImageObject\",\"@id\":\"https:\/\/www.espriu.es\/blog\/#personlogo\",\"inLanguage\":\"es\",\"url\":\"https:\/\/secure.gravatar.com\/avatar\/3f26188c3f4a4dfed016f22d4d35f33b?s=96&d=mm&r=g\",\"caption\":\"Espriu\"},\"sameAs\":[\"http:\/\/espriu.comercial.cc\/blog\"]}]}<\/script>\n<!-- \/ Yoast SEO plugin. -->","_links":{"self":[{"href":"https:\/\/www.espriu.es\/blog\/wp-json\/wp\/v2\/posts\/673"}],"collection":[{"href":"https:\/\/www.espriu.es\/blog\/wp-json\/wp\/v2\/posts"}],"about":[{"href":"https:\/\/www.espriu.es\/blog\/wp-json\/wp\/v2\/types\/post"}],"author":[{"embeddable":true,"href":"https:\/\/www.espriu.es\/blog\/wp-json\/wp\/v2\/users\/1"}],"replies":[{"embeddable":true,"href":"https:\/\/www.espriu.es\/blog\/wp-json\/wp\/v2\/comments?post=673"}],"version-history":[{"count":4,"href":"https:\/\/www.espriu.es\/blog\/wp-json\/wp\/v2\/posts\/673\/revisions"}],"predecessor-version":[{"id":682,"href":"https:\/\/www.espriu.es\/blog\/wp-json\/wp\/v2\/posts\/673\/revisions\/682"}],"wp:featuredmedia":[{"embeddable":true,"href":"https:\/\/www.espriu.es\/blog\/wp-json\/wp\/v2\/media\/680"}],"wp:attachment":[{"href":"https:\/\/www.espriu.es\/blog\/wp-json\/wp\/v2\/media?parent=673"}],"wp:term":[{"taxonomy":"category","embeddable":true,"href":"https:\/\/www.espriu.es\/blog\/wp-json\/wp\/v2\/categories?post=673"},{"taxonomy":"post_tag","embeddable":true,"href":"https:\/\/www.espriu.es\/blog\/wp-json\/wp\/v2\/tags?post=673"}],"curies":[{"name":"wp","href":"https:\/\/api.w.org\/{rel}","templated":true}]}}