{"id":703,"date":"2023-05-31T08:36:07","date_gmt":"2023-05-31T08:36:07","guid":{"rendered":"https:\/\/www.espriu.es\/blog\/?p=703"},"modified":"2023-05-31T08:36:09","modified_gmt":"2023-05-31T08:36:09","slug":"como-elegir-la-silla-de-oficina-segun-tu-altura-y-tu-peso","status":"publish","type":"post","link":"https:\/\/www.espriu.es\/blog\/2023\/05\/31\/como-elegir-la-silla-de-oficina-segun-tu-altura-y-tu-peso\/","title":{"rendered":"\u00bfC\u00f3mo elegir la silla de oficina seg\u00fan tu altura y tu peso?"},"content":{"rendered":"\n<p>Elegir la silla de oficina perfecta para cada uno es fundamental para que disfrutemos del m\u00e1ximo confort.<\/p>\n\n\n\n<p>Para ello hay que tener en cuenta ciertos factores.<\/p>\n\n\n\n<p>En el blog de hoy os contamos c\u00f3mo elegir la silla de oficina seg\u00fan nuestra altura y nuestro peso.<\/p>\n\n\n\n<h2>\u00bfPasas muchas horas sentado?<\/h2>\n\n\n\n<p>Sin duda esta es la primera pregunta que debes hacerte a la hora de comprar una silla para trabajar, ya sea en la oficina o en casa.<\/p>\n\n\n\n<p>No es lo mismo una silla para estar un par de horas sentado que otra en la que pasaremos toda una jornada laboral completa de 8 horas.<\/p>\n\n\n\n<figure class=\"wp-block-image size-large\"><a href=\"https:\/\/www.espriu.es\/sillas\/364-actiu-tnk-flex.html\"><img loading=\"lazy\" width=\"800\" height=\"800\" src=\"https:\/\/www.espriu.es\/blog\/wp-content\/uploads\/2023\/03\/actiu-tnk-flex.jpg\" alt=\"\" class=\"wp-image-712\" srcset=\"https:\/\/www.espriu.es\/blog\/wp-content\/uploads\/2023\/03\/actiu-tnk-flex.jpg 800w, https:\/\/www.espriu.es\/blog\/wp-content\/uploads\/2023\/03\/actiu-tnk-flex-300x300.jpg 300w, https:\/\/www.espriu.es\/blog\/wp-content\/uploads\/2023\/03\/actiu-tnk-flex-768x768.jpg 768w\" sizes=\"(max-width: 800px) 100vw, 800px\" \/><\/a><figcaption><a href=\"https:\/\/www.espriu.es\/sillas\/364-actiu-tnk-flex-62504.html\">Silla TNK Flex 50 Actiu Alto<\/a><\/figcaption><\/figure>\n\n\n\n<p>Nosotros apostamos por la ergonom\u00eda y creemos que una silla de trabajo debe de ser ergon\u00f3mica siempre.<\/p>\n\n\n\n<p>Pero si adem\u00e1s vas a pasar mucho tiempo en ella, la elecci\u00f3n de la silla se convierte en una cuesti\u00f3n de salud.<\/p>\n\n\n\n<p>Pasar muchas horas sentado en una silla que no cumple una serie de requisitos m\u00ednimos puede suponernos a la larga dolores musculares en espalda, hombros, piernas y brazos.<\/p>\n\n\n\n<p>Adem\u00e1s debemos de tener en cuenta nuestras caracter\u00edsticas f\u00edsicas. Cada uno tenemos unas cualidades f\u00edsicas diferentes.<\/p>\n\n\n\n<p>Este aspecto es importante a la hora de escoger productos como sillas o mesas de escritorio, donde tu altura y tu peso tienen mucho que decir a la hora de sentirte c\u00f3modo.<\/p>\n\n\n\n<p>Porque s\u00ed, ambas variables influyen en que a la larga puedas tener o no problemas de espalda, mala circulaci\u00f3n o diversas afecciones que afecten negativamente a tu trabajo y a tu vida.&nbsp;<\/p>\n\n\n\n<h2>\u00bfC\u00f3mo elegir mi silla de oficina seg\u00fan altura y peso?<\/h2>\n\n\n\n<p>Si est\u00e1s valorando comprar una silla de oficina, tienes que tener en cuenta ciertos aspectos que van a ser fundamentales para que te aporte el m\u00e1ximo bienestar.<\/p>\n\n\n\n<figure class=\"wp-block-image size-large\"><a href=\"https:\/\/www.espriu.es\/inicio\/740-silla-forma-5-dothome-white-edition-51776.html\"><img loading=\"lazy\" width=\"800\" height=\"800\" src=\"https:\/\/www.espriu.es\/blog\/wp-content\/uploads\/2023\/03\/silla-forma-5-dothome-white-edition-1.jpg\" alt=\"\" class=\"wp-image-717\" srcset=\"https:\/\/www.espriu.es\/blog\/wp-content\/uploads\/2023\/03\/silla-forma-5-dothome-white-edition-1.jpg 800w, https:\/\/www.espriu.es\/blog\/wp-content\/uploads\/2023\/03\/silla-forma-5-dothome-white-edition-1-300x300.jpg 300w, https:\/\/www.espriu.es\/blog\/wp-content\/uploads\/2023\/03\/silla-forma-5-dothome-white-edition-1-768x768.jpg 768w\" sizes=\"(max-width: 800px) 100vw, 800px\" \/><\/a><figcaption><a href=\"https:\/\/www.espriu.es\/inicio\/740-silla-forma-5-dothome-white-edition-51776.html\">Silla Forma 5 DOT.HOME | WHITE EDITION<\/a><\/figcaption><\/figure>\n\n\n\n<p>Lo primero que debes de tener en cuenta, c\u00f3mo ya hemos comentado,  es que no todos somos iguales, no tenemos el mismo peso ni la misma altura, ni le vamos a dar el mismo uso a la silla.<\/p>\n\n\n\n<p>Por eso, el requisito fundamental para una silla de oficina es la adaptabilidad. <\/p>\n\n\n\n<p>Elegir la silla de oficina adecuada seg\u00fan tu altura y peso es importante para asegurarte de que te sientas c\u00f3modo y seguro mientras trabajas.<\/p>\n\n\n\n<p>Algunos consejos para elegir la silla adecuada:<\/p>\n\n\n\n<h4>Altura de la silla<\/h4>\n\n\n\n<p>La altura de la silla debe ser ajustable para que pueda tener los pies apoyados en el suelo. <\/p>\n\n\n\n<p>Ajusta la altura de la silla para que tus pies est\u00e9n apoyados en el suelo y tus rodillas est\u00e9n en un \u00e1ngulo de 90 grados. <\/p>\n\n\n\n<figure class=\"wp-block-image size-large\"><a href=\"https:\/\/www.espriu.es\/sillas\/198-sillas-cron-71208.html\"><img loading=\"lazy\" width=\"800\" height=\"800\" src=\"https:\/\/www.espriu.es\/blog\/wp-content\/uploads\/2023\/03\/sillas-cron.jpg\" alt=\"\" class=\"wp-image-714\" srcset=\"https:\/\/www.espriu.es\/blog\/wp-content\/uploads\/2023\/03\/sillas-cron.jpg 800w, https:\/\/www.espriu.es\/blog\/wp-content\/uploads\/2023\/03\/sillas-cron-300x300.jpg 300w, https:\/\/www.espriu.es\/blog\/wp-content\/uploads\/2023\/03\/sillas-cron-768x768.jpg 768w\" sizes=\"(max-width: 800px) 100vw, 800px\" \/><\/a><figcaption><a href=\"https:\/\/www.espriu.es\/sillas\/198-sillas-cron-71208.html\">Silla Cron Actiu &#8211; SPORT<\/a><\/figcaption><\/figure>\n\n\n\n<p>Si tus pies cuelgan en el aire, la silla es demasiado alta y si tus rodillas est\u00e1n por encima de tus caderas, la silla es demasiado baja.<\/p>\n\n\n\n<h4>Peso m\u00e1ximo de la silla<\/h4>\n\n\n\n<p>Las sillas de oficina tienen un peso m\u00e1ximo recomendado. <\/p>\n\n\n\n<p>Comprueba la etiqueta de la silla o la descripci\u00f3n del producto para asegurarte de que la silla pueda soportar tu peso.<\/p>\n\n\n\n<h4>Ancho del asiento<\/h4>\n\n\n\n<p>El asiento debe ser lo suficientemente ancho para que puedas sentarte c\u00f3modamente. <\/p>\n\n\n\n<p>Debe ser al menos lo suficientemente amplio como para que puedas sentarte sin que te apriete la cadera. <\/p>\n\n\n\n<figure class=\"wp-block-image size-large\"><a href=\"https:\/\/www.espriu.es\/sillas\/347-silla-kf10-lider.html\"><img loading=\"lazy\" width=\"800\" height=\"800\" src=\"https:\/\/www.espriu.es\/blog\/wp-content\/uploads\/2023\/03\/silla-kf10-lider-1.jpg\" alt=\"\" class=\"wp-image-718\" srcset=\"https:\/\/www.espriu.es\/blog\/wp-content\/uploads\/2023\/03\/silla-kf10-lider-1.jpg 800w, https:\/\/www.espriu.es\/blog\/wp-content\/uploads\/2023\/03\/silla-kf10-lider-1-300x300.jpg 300w, https:\/\/www.espriu.es\/blog\/wp-content\/uploads\/2023\/03\/silla-kf10-lider-1-768x768.jpg 768w\" sizes=\"(max-width: 800px) 100vw, 800px\" \/><\/a><figcaption><a href=\"https:\/\/www.espriu.es\/sillas\/347-silla-kf10-lider.html\">Silla Oficina KF10 Lider<\/a><\/figcaption><\/figure>\n\n\n\n<p>Si la silla es demasiado estrecha, puede causar dolor en la cadera y la espalda baja.<\/p>\n\n\n\n<h4>Profundidad del asiento<\/h4>\n\n\n\n<p>La profundidad del asiento debe ser ajustable para que puedas sentarte con la espalda apoyada en el respaldo y tus rodillas en un \u00e1ngulo de 90 grados. <\/p>\n\n\n\n<p>Si la profundidad del asiento es demasiado corta, puede causar dolor en la parte posterior de las piernas. <\/p>\n\n\n\n<p>Si por el contrario, el asiento es demasiado profundo, puede causar dolor en la parte inferior de la espalda.<\/p>\n\n\n\n<h4>El respaldo<\/h4>\n\n\n\n<p>El respaldo debe ser lo suficientemente alto para apoyar la parte superior de la espalda. <\/p>\n\n\n\n<p>Ajusta el respaldo de la silla para que puedas sentarte con la espalda apoyada en el respaldo y la cabeza en una posici\u00f3n c\u00f3moda. <\/p>\n\n\n\n<figure class=\"wp-block-image size-large\"><a href=\"https:\/\/www.espriu.es\/sillas\/37-silla-tnk-59789.html\"><img loading=\"lazy\" width=\"800\" height=\"800\" src=\"https:\/\/www.espriu.es\/blog\/wp-content\/uploads\/2023\/03\/silla-tnk.jpg\" alt=\"\" class=\"wp-image-715\" srcset=\"https:\/\/www.espriu.es\/blog\/wp-content\/uploads\/2023\/03\/silla-tnk.jpg 800w, https:\/\/www.espriu.es\/blog\/wp-content\/uploads\/2023\/03\/silla-tnk-300x300.jpg 300w, https:\/\/www.espriu.es\/blog\/wp-content\/uploads\/2023\/03\/silla-tnk-768x768.jpg 768w\" sizes=\"(max-width: 800px) 100vw, 800px\" \/><\/a><figcaption><a href=\"https:\/\/www.espriu.es\/sillas\/37-silla-tnk-59789.html\">Silla TNK 500 Actiu Malla<\/a><\/figcaption><\/figure>\n\n\n\n<p>Si el respaldo es demasiado corto, puede causar dolor en la parte superior de la espalda y si es demasiado alto, puede causar dolor en el cuello.<\/p>\n\n\n\n<h4>Los reposabrazos<\/h4>\n\n\n\n<p>Deben ser ajustables para que puedas apoyar tus brazos mientras trabajas. <\/p>\n\n\n\n<p>Si los reposabrazos son demasiado altos, pueden causar tensi\u00f3n en los hombros y el cuello. <\/p>\n\n\n\n<p>Si son demasiado bajos, pueden causar tensi\u00f3n en los codos y las mu\u00f1ecas.<\/p>\n\n\n\n<p>En resumen, al elegir una silla de oficina, aseg\u00farese de que sea ajustable en altura, tenga un peso m\u00e1ximo adecuado, tenga un asiento ancho y profundo, un respaldo alto y reposabrazos ajustables. <\/p>\n\n\n\n<p>Si necesitas una silla ergon\u00f3mica para estudiar o para trabajar, ya sea desde casa o en la oficina, <a href=\"http:\/\/www.espriu.es\">consulta con nosotros<\/a> y te asesoraremos sobre la silla ideal para ti.<\/p>\n","protected":false},"excerpt":{"rendered":"<p>Elegir la silla de oficina perfecta para cada uno es fundamental para que disfrutemos del m\u00e1ximo confort. Para ello hay que tener en cuenta ciertos factores. En el blog de hoy os contamos c\u00f3mo elegir la silla de oficina seg\u00fan nuestra altura y nuestro peso. \u00bfPasas muchas horas sentado? Sin duda esta es la primera [&hellip;]<\/p>\n","protected":false},"author":1,"featured_media":720,"comment_status":"open","ping_status":"open","sticky":false,"template":"","format":"standard","meta":[],"categories":[60,10],"tags":[30,12,67,74,33,13,71],"yoast_head":"<!-- This site is optimized with the Yoast SEO plugin v15.6.2 - https:\/\/yoast.com\/wordpress\/plugins\/seo\/ -->\n<title>\u00bfC\u00f3mo elegir la silla de oficina seg\u00fan tu altura y tu peso? - Espriu Blog<\/title>\n<meta name=\"description\" content=\"En el blog de hoy os contamos c\u00f3mo elegir la silla de oficina seg\u00fan nuestra altura y nuestro peso y tener el m\u00e1ximo confort\" \/>\n<meta name=\"robots\" content=\"index, follow, max-snippet:-1, max-image-preview:large, max-video-preview:-1\" \/>\n<link rel=\"canonical\" href=\"https:\/\/www.espriu.es\/blog\/2023\/05\/31\/como-elegir-la-silla-de-oficina-segun-tu-altura-y-tu-peso\/\" \/>\n<meta property=\"og:locale\" content=\"es_ES\" \/>\n<meta property=\"og:type\" content=\"article\" \/>\n<meta property=\"og:title\" content=\"\u00bfC\u00f3mo elegir la silla de oficina seg\u00fan tu altura y tu peso? - Espriu Blog\" \/>\n<meta property=\"og:description\" content=\"En el blog de hoy os contamos c\u00f3mo elegir la silla de oficina seg\u00fan nuestra altura y nuestro peso y tener el m\u00e1ximo confort\" \/>\n<meta property=\"og:url\" content=\"https:\/\/www.espriu.es\/blog\/2023\/05\/31\/como-elegir-la-silla-de-oficina-segun-tu-altura-y-tu-peso\/\" \/>\n<meta property=\"og:site_name\" content=\"Espriu Blog\" \/>\n<meta property=\"article:publisher\" content=\"https:\/\/www.facebook.com\/espriu.mobiliario\/\" \/>\n<meta property=\"article:published_time\" content=\"2023-05-31T08:36:07+00:00\" \/>\n<meta property=\"article:modified_time\" content=\"2023-05-31T08:36:09+00:00\" \/>\n<meta property=\"og:image\" content=\"https:\/\/www.espriu.es\/blog\/wp-content\/uploads\/2023\/03\/240323_Blog.jpg\" \/>\n\t<meta property=\"og:image:width\" content=\"2000\" \/>\n\t<meta property=\"og:image:height\" content=\"2000\" \/>\n<meta name=\"twitter:card\" content=\"summary_large_image\" \/>\n<meta name=\"twitter:creator\" content=\"@Espriumobiliar1\" \/>\n<meta name=\"twitter:site\" content=\"@Espriumobiliar1\" \/>\n<meta name=\"twitter:label1\" content=\"Tiempo de lectura\">\n\t<meta name=\"twitter:data1\" content=\"5 minutos\">\n<script type=\"application\/ld+json\" class=\"yoast-schema-graph\">{\"@context\":\"https:\/\/schema.org\",\"@graph\":[{\"@type\":\"WebSite\",\"@id\":\"https:\/\/www.espriu.es\/blog\/#website\",\"url\":\"https:\/\/www.espriu.es\/blog\/\",\"name\":\"Blog Espriu Mobiliario de Oficina y Teletrabajo\",\"description\":\"Blog Espriu.es - Mobiliario de oficina\",\"potentialAction\":[{\"@type\":\"SearchAction\",\"target\":\"https:\/\/www.espriu.es\/blog\/?s={search_term_string}\",\"query-input\":\"required name=search_term_string\"}],\"inLanguage\":\"es\"},{\"@type\":\"ImageObject\",\"@id\":\"https:\/\/www.espriu.es\/blog\/2023\/05\/31\/como-elegir-la-silla-de-oficina-segun-tu-altura-y-tu-peso\/#primaryimage\",\"inLanguage\":\"es\",\"url\":\"https:\/\/www.espriu.es\/blog\/wp-content\/uploads\/2023\/03\/240323_Blog.jpg\",\"width\":2000,\"height\":2000},{\"@type\":\"WebPage\",\"@id\":\"https:\/\/www.espriu.es\/blog\/2023\/05\/31\/como-elegir-la-silla-de-oficina-segun-tu-altura-y-tu-peso\/#webpage\",\"url\":\"https:\/\/www.espriu.es\/blog\/2023\/05\/31\/como-elegir-la-silla-de-oficina-segun-tu-altura-y-tu-peso\/\",\"name\":\"\\u00bfC\\u00f3mo elegir la silla de oficina seg\\u00fan tu altura y tu peso? - Espriu Blog\",\"isPartOf\":{\"@id\":\"https:\/\/www.espriu.es\/blog\/#website\"},\"primaryImageOfPage\":{\"@id\":\"https:\/\/www.espriu.es\/blog\/2023\/05\/31\/como-elegir-la-silla-de-oficina-segun-tu-altura-y-tu-peso\/#primaryimage\"},\"datePublished\":\"2023-05-31T08:36:07+00:00\",\"dateModified\":\"2023-05-31T08:36:09+00:00\",\"author\":{\"@id\":\"https:\/\/www.espriu.es\/blog\/#\/schema\/person\/6c8e8e762449686d4557bc3d733054e1\"},\"description\":\"En el blog de hoy os contamos c\\u00f3mo elegir la silla de oficina seg\\u00fan nuestra altura y nuestro peso y tener el m\\u00e1ximo confort\",\"inLanguage\":\"es\",\"potentialAction\":[{\"@type\":\"ReadAction\",\"target\":[\"https:\/\/www.espriu.es\/blog\/2023\/05\/31\/como-elegir-la-silla-de-oficina-segun-tu-altura-y-tu-peso\/\"]}]},{\"@type\":\"Person\",\"@id\":\"https:\/\/www.espriu.es\/blog\/#\/schema\/person\/6c8e8e762449686d4557bc3d733054e1\",\"name\":\"Espriu\",\"image\":{\"@type\":\"ImageObject\",\"@id\":\"https:\/\/www.espriu.es\/blog\/#personlogo\",\"inLanguage\":\"es\",\"url\":\"https:\/\/secure.gravatar.com\/avatar\/3f26188c3f4a4dfed016f22d4d35f33b?s=96&d=mm&r=g\",\"caption\":\"Espriu\"},\"sameAs\":[\"http:\/\/espriu.comercial.cc\/blog\"]}]}<\/script>\n<!-- \/ Yoast SEO plugin. -->","_links":{"self":[{"href":"https:\/\/www.espriu.es\/blog\/wp-json\/wp\/v2\/posts\/703"}],"collection":[{"href":"https:\/\/www.espriu.es\/blog\/wp-json\/wp\/v2\/posts"}],"about":[{"href":"https:\/\/www.espriu.es\/blog\/wp-json\/wp\/v2\/types\/post"}],"author":[{"embeddable":true,"href":"https:\/\/www.espriu.es\/blog\/wp-json\/wp\/v2\/users\/1"}],"replies":[{"embeddable":true,"href":"https:\/\/www.espriu.es\/blog\/wp-json\/wp\/v2\/comments?post=703"}],"version-history":[{"count":10,"href":"https:\/\/www.espriu.es\/blog\/wp-json\/wp\/v2\/posts\/703\/revisions"}],"predecessor-version":[{"id":723,"href":"https:\/\/www.espriu.es\/blog\/wp-json\/wp\/v2\/posts\/703\/revisions\/723"}],"wp:featuredmedia":[{"embeddable":true,"href":"https:\/\/www.espriu.es\/blog\/wp-json\/wp\/v2\/media\/720"}],"wp:attachment":[{"href":"https:\/\/www.espriu.es\/blog\/wp-json\/wp\/v2\/media?parent=703"}],"wp:term":[{"taxonomy":"category","embeddable":true,"href":"https:\/\/www.espriu.es\/blog\/wp-json\/wp\/v2\/categories?post=703"},{"taxonomy":"post_tag","embeddable":true,"href":"https:\/\/www.espriu.es\/blog\/wp-json\/wp\/v2\/tags?post=703"}],"curies":[{"name":"wp","href":"https:\/\/api.w.org\/{rel}","templated":true}]}}