{"id":787,"date":"2023-09-29T08:54:49","date_gmt":"2023-09-29T08:54:49","guid":{"rendered":"https:\/\/www.espriu.es\/blog\/?p=787"},"modified":"2023-09-29T08:54:50","modified_gmt":"2023-09-29T08:54:50","slug":"teletrabajo-o-trabajo-hibrido","status":"publish","type":"post","link":"https:\/\/www.espriu.es\/blog\/2023\/09\/29\/teletrabajo-o-trabajo-hibrido\/","title":{"rendered":"Teletrabajo o trabajo h\u00edbrido. Septiembre, vuelta al trabajo"},"content":{"rendered":"\n<p>Teletrabajo, trabajo h\u00edbrido o trabajo presencial.<\/p>\n\n\n\n<p>Septiembre marca el regreso a la rutina para la inmensa mayor\u00eda. Despu\u00e9s de unas merecidas vacaciones de verano, es hora de volver al trabajo. <\/p>\n\n\n\n<p>Sin embargo, en un mundo que ha experimentado cambios profundos debido a la pandemia de COVID-19, la forma en que trabajamos ha evolucionado significativamente. <\/p>\n\n\n\n<p>Dos t\u00e9rminos que se han convertido en parte de la conversaci\u00f3n laboral en los \u00faltimos a\u00f1os son el teletrabajo y el trabajo h\u00edbrido. <\/p>\n\n\n\n<p>Estas modalidades de trabajo han ganado protagonismo y han planteado la pregunta de cu\u00e1l es la mejor opci\u00f3n para el futuro.<\/p>\n\n\n\n<h2><strong>Teletrabajo, una opci\u00f3n en auge<\/strong><\/h2>\n\n\n\n<p>El teletrabajo, o trabajar desde casa de manera permanente, ha ganado una popularidad significativa en los \u00faltimos tiempos. <\/p>\n\n\n\n<figure class=\"wp-block-image size-large is-resized\"><a href=\"https:\/\/www.espriu.es\/teletrabajo\/831-home-office-barato-cadi-57068.html\"><img loading=\"lazy\" src=\"https:\/\/www.espriu.es\/blog\/wp-content\/uploads\/2023\/09\/home-office-barato-cadi.jpg\" alt=\"\" class=\"wp-image-796\" width=\"584\" height=\"584\" srcset=\"https:\/\/www.espriu.es\/blog\/wp-content\/uploads\/2023\/09\/home-office-barato-cadi.jpg 800w, https:\/\/www.espriu.es\/blog\/wp-content\/uploads\/2023\/09\/home-office-barato-cadi-300x300.jpg 300w, https:\/\/www.espriu.es\/blog\/wp-content\/uploads\/2023\/09\/home-office-barato-cadi-768x768.jpg 768w\" sizes=\"(max-width: 584px) 100vw, 584px\" \/><\/a><figcaption><a href=\"https:\/\/www.espriu.es\/teletrabajo\/831-home-office-barato-cadi-57068.html\">Mesa Cadi Mobellinea<\/a><\/figcaption><\/figure>\n\n\n\n<p>La pandemia oblig\u00f3 a muchas empresas a adoptar esta modalidad para garantizar la seguridad de sus empleados y la continuidad de sus operaciones. <\/p>\n\n\n\n<p>Muchos trabajadores encontraron ventajas en el teletrabajo, como la flexibilidad horaria, la eliminaci\u00f3n de desplazamientos y la posibilidad de crear un ambiente de trabajo personalizado.<\/p>\n\n\n\n<p>Sin embargo, el teletrabajo no est\u00e1 exento de desaf\u00edos. La falta de interacci\u00f3n f\u00edsica con colegas puede dar lugar a sentimientos de aislamiento y desconexi\u00f3n. <\/p>\n\n\n\n<p>Adem\u00e1s, para algunos puestos de trabajo, la colaboraci\u00f3n en persona sigue siendo esencial. <\/p>\n\n\n\n<p>La falta de separaci\u00f3n entre el trabajo y la vida personal tambi\u00e9n puede ser un problema, ya que es m\u00e1s dif\u00edcil desconectar cuando la oficina est\u00e1 en casa.<\/p>\n\n\n\n<h2><strong>Trabajo h\u00edbrido, un buen equilibrio <\/strong><\/h2>\n\n\n\n<p>El trabajo h\u00edbrido es una soluci\u00f3n que busca combinar lo mejor de ambos mundos: trabajar desde la oficina y trabajar desde casa. <\/p>\n\n\n\n<p>En este modelo, los empleados tienen la flexibilidad de elegir cu\u00e1ndo y d\u00f3nde trabajar, pero tambi\u00e9n se espera que pasen cierto tiempo en la oficina para colaborar con colegas y mantener un sentido de comunidad empresarial.<\/p>\n\n\n\n<figure class=\"wp-block-image size-large is-resized\"><a href=\"https:\/\/www.espriu.es\/mesa-oficina\/745-mesa-vital-pro-80779.html\"><img loading=\"lazy\" src=\"https:\/\/www.espriu.es\/blog\/wp-content\/uploads\/2023\/09\/mesa-vital-pro.jpg\" alt=\"\" class=\"wp-image-797\" width=\"580\" height=\"580\" srcset=\"https:\/\/www.espriu.es\/blog\/wp-content\/uploads\/2023\/09\/mesa-vital-pro.jpg 800w, https:\/\/www.espriu.es\/blog\/wp-content\/uploads\/2023\/09\/mesa-vital-pro-300x300.jpg 300w, https:\/\/www.espriu.es\/blog\/wp-content\/uploads\/2023\/09\/mesa-vital-pro-768x768.jpg 768w\" sizes=\"(max-width: 580px) 100vw, 580px\" \/><\/a><figcaption><a href=\"https:\/\/www.espriu.es\/mesa-oficina\/745-mesa-vital-pro-80779.html\">Mesa Vital Pro Actiu Express<\/a><\/figcaption><\/figure>\n\n\n\n<p>El trabajo h\u00edbrido aborda algunas de las preocupaciones del teletrabajo. Permite a los empleados interactuar cara a cara de manera peri\u00f3dica, lo que es crucial para la colaboraci\u00f3n creativa y el desarrollo de relaciones profesionales s\u00f3lidas. <\/p>\n\n\n\n<p>Al mismo tiempo, ofrece la flexibilidad que muchos trabajadores valoran, lo que les permite conciliar mejor el trabajo con sus responsabilidades personales.<\/p>\n\n\n\n<h2>Teletrabajo o trabajo h\u00edbrido<strong>\u00bfCu\u00e1l es la Mejor Opci\u00f3n?<\/strong><\/h2>\n\n\n\n<p>La elecci\u00f3n entre el teletrabajo y el trabajo h\u00edbrido depende en gran medida de la naturaleza del trabajo y de las preferencias individuales. <\/p>\n\n\n\n<p>Algunas ocupaciones, como la programaci\u00f3n de software o la escritura freelance, se prestan naturalmente al teletrabajo a tiempo completo. <\/p>\n\n\n\n<p>Para otras, como la medicina o la construcci\u00f3n, la presencia f\u00edsica es esencial.<\/p>\n\n\n\n<p>La clave es encontrar un equilibrio que funcione tanto para el empleado como para el empleador. <\/p>\n\n\n\n<figure class=\"wp-block-image size-large\"><a href=\"https:\/\/www.espriu.es\/mesa-oficina\/864-mesa-twist-actiu-d-express-97243.html\"><img loading=\"lazy\" width=\"800\" height=\"800\" src=\"https:\/\/www.espriu.es\/blog\/wp-content\/uploads\/2023\/09\/mesa-twist-actiu-d-express.jpg\" alt=\"\" class=\"wp-image-798\" srcset=\"https:\/\/www.espriu.es\/blog\/wp-content\/uploads\/2023\/09\/mesa-twist-actiu-d-express.jpg 800w, https:\/\/www.espriu.es\/blog\/wp-content\/uploads\/2023\/09\/mesa-twist-actiu-d-express-300x300.jpg 300w, https:\/\/www.espriu.es\/blog\/wp-content\/uploads\/2023\/09\/mesa-twist-actiu-d-express-768x768.jpg 768w\" sizes=\"(max-width: 800px) 100vw, 800px\" \/><\/a><figcaption><a href=\"https:\/\/www.espriu.es\/mesa-oficina\/864-mesa-twist-actiu-d-express-97243.html\">Mesa Twist Actiu D Express<\/a><\/figcaption><\/figure>\n\n\n\n<p>Las empresas deben considerar sus necesidades comerciales y la moral de sus empleados al tomar decisiones sobre el modelo de trabajo. <\/p>\n\n\n\n<p>La comunicaci\u00f3n abierta y la flexibilidad son cruciales en este proceso.<\/p>\n\n\n\n<h2><strong>Encontrar el equilibrio<\/strong><\/h2>\n\n\n\n<p>Tanto el teletrabajo como el trabajo h\u00edbrido ofrecen ventajas y desaf\u00edos \u00fanicos. La elecci\u00f3n depende de la naturaleza del trabajo y de las preferencias individuales. <\/p>\n\n\n\n<p>Lo importante es encontrar un equilibrio que permita a los trabajadores ser productivos y felices, mientras se satisfacen las necesidades de las empresas. <\/p>\n\n\n\n<p>En \u00faltima instancia, lo que importa es crear un entorno de trabajo que promueva el bienestar y la eficiencia de todos.<\/p>\n\n\n\n<p>Si teletrabajas o practicas el trabajo h\u00edbrido y necesitas habilitar un espacio en casa, consulta con nosotros. Disponemos del mejor mobiliario ergon\u00f3mico y te ayudamos a dise\u00f1ar tu espacio de trabajo en casa.<\/p>\n","protected":false},"excerpt":{"rendered":"<p>Teletrabajo, trabajo h\u00edbrido o trabajo presencial. Septiembre marca el regreso a la rutina para la inmensa mayor\u00eda. Despu\u00e9s de unas merecidas vacaciones de verano, es hora de volver al trabajo. Sin embargo, en un mundo que ha experimentado cambios profundos debido a la pandemia de COVID-19, la forma en que trabajamos ha evolucionado significativamente. Dos [&hellip;]<\/p>\n","protected":false},"author":1,"featured_media":803,"comment_status":"open","ping_status":"open","sticky":false,"template":"","format":"standard","meta":[],"categories":[60,10],"tags":[],"yoast_head":"<!-- This site is optimized with the Yoast SEO plugin v15.6.2 - https:\/\/yoast.com\/wordpress\/plugins\/seo\/ -->\n<title>Teletrabajo o trabajo h\u00edbrido. Septiembre, vuelta al trabajo - Espriu Blog<\/title>\n<meta name=\"description\" content=\"El teletrabajo y el trabajo h\u00edbrido han ganado protagonismo y han planteado la pregunta de cu\u00e1l es la mejor opci\u00f3n para el futuro.\" \/>\n<meta name=\"robots\" content=\"index, follow, max-snippet:-1, max-image-preview:large, max-video-preview:-1\" \/>\n<link rel=\"canonical\" href=\"https:\/\/www.espriu.es\/blog\/2023\/09\/29\/teletrabajo-o-trabajo-hibrido\/\" \/>\n<meta property=\"og:locale\" content=\"es_ES\" \/>\n<meta property=\"og:type\" content=\"article\" \/>\n<meta property=\"og:title\" content=\"Teletrabajo o trabajo h\u00edbrido. Septiembre, vuelta al trabajo - Espriu Blog\" \/>\n<meta property=\"og:description\" content=\"El teletrabajo y el trabajo h\u00edbrido han ganado protagonismo y han planteado la pregunta de cu\u00e1l es la mejor opci\u00f3n para el futuro.\" \/>\n<meta property=\"og:url\" content=\"https:\/\/www.espriu.es\/blog\/2023\/09\/29\/teletrabajo-o-trabajo-hibrido\/\" \/>\n<meta property=\"og:site_name\" content=\"Espriu Blog\" \/>\n<meta property=\"article:publisher\" content=\"https:\/\/www.facebook.com\/espriu.mobiliario\/\" \/>\n<meta property=\"article:published_time\" content=\"2023-09-29T08:54:49+00:00\" \/>\n<meta property=\"article:modified_time\" content=\"2023-09-29T08:54:50+00:00\" \/>\n<meta property=\"og:image\" content=\"https:\/\/www.espriu.es\/blog\/wp-content\/uploads\/2023\/09\/100923_Blog.jpg\" \/>\n\t<meta property=\"og:image:width\" content=\"2000\" \/>\n\t<meta property=\"og:image:height\" content=\"2000\" \/>\n<meta name=\"twitter:card\" content=\"summary_large_image\" \/>\n<meta name=\"twitter:creator\" content=\"@Espriumobiliar1\" \/>\n<meta name=\"twitter:site\" content=\"@Espriumobiliar1\" \/>\n<meta name=\"twitter:label1\" content=\"Tiempo de lectura\">\n\t<meta name=\"twitter:data1\" content=\"4 minutos\">\n<script type=\"application\/ld+json\" class=\"yoast-schema-graph\">{\"@context\":\"https:\/\/schema.org\",\"@graph\":[{\"@type\":\"WebSite\",\"@id\":\"https:\/\/www.espriu.es\/blog\/#website\",\"url\":\"https:\/\/www.espriu.es\/blog\/\",\"name\":\"Blog Espriu Mobiliario de Oficina y Teletrabajo\",\"description\":\"Blog Espriu.es - Mobiliario de oficina\",\"potentialAction\":[{\"@type\":\"SearchAction\",\"target\":\"https:\/\/www.espriu.es\/blog\/?s={search_term_string}\",\"query-input\":\"required name=search_term_string\"}],\"inLanguage\":\"es\"},{\"@type\":\"ImageObject\",\"@id\":\"https:\/\/www.espriu.es\/blog\/2023\/09\/29\/teletrabajo-o-trabajo-hibrido\/#primaryimage\",\"inLanguage\":\"es\",\"url\":\"https:\/\/www.espriu.es\/blog\/wp-content\/uploads\/2023\/09\/100923_Blog.jpg\",\"width\":2000,\"height\":2000},{\"@type\":\"WebPage\",\"@id\":\"https:\/\/www.espriu.es\/blog\/2023\/09\/29\/teletrabajo-o-trabajo-hibrido\/#webpage\",\"url\":\"https:\/\/www.espriu.es\/blog\/2023\/09\/29\/teletrabajo-o-trabajo-hibrido\/\",\"name\":\"Teletrabajo o trabajo h\\u00edbrido. Septiembre, vuelta al trabajo - Espriu Blog\",\"isPartOf\":{\"@id\":\"https:\/\/www.espriu.es\/blog\/#website\"},\"primaryImageOfPage\":{\"@id\":\"https:\/\/www.espriu.es\/blog\/2023\/09\/29\/teletrabajo-o-trabajo-hibrido\/#primaryimage\"},\"datePublished\":\"2023-09-29T08:54:49+00:00\",\"dateModified\":\"2023-09-29T08:54:50+00:00\",\"author\":{\"@id\":\"https:\/\/www.espriu.es\/blog\/#\/schema\/person\/6c8e8e762449686d4557bc3d733054e1\"},\"description\":\"El teletrabajo y el trabajo h\\u00edbrido han ganado protagonismo y han planteado la pregunta de cu\\u00e1l es la mejor opci\\u00f3n para el futuro.\",\"inLanguage\":\"es\",\"potentialAction\":[{\"@type\":\"ReadAction\",\"target\":[\"https:\/\/www.espriu.es\/blog\/2023\/09\/29\/teletrabajo-o-trabajo-hibrido\/\"]}]},{\"@type\":\"Person\",\"@id\":\"https:\/\/www.espriu.es\/blog\/#\/schema\/person\/6c8e8e762449686d4557bc3d733054e1\",\"name\":\"Espriu\",\"image\":{\"@type\":\"ImageObject\",\"@id\":\"https:\/\/www.espriu.es\/blog\/#personlogo\",\"inLanguage\":\"es\",\"url\":\"https:\/\/secure.gravatar.com\/avatar\/3f26188c3f4a4dfed016f22d4d35f33b?s=96&d=mm&r=g\",\"caption\":\"Espriu\"},\"sameAs\":[\"http:\/\/espriu.comercial.cc\/blog\"]}]}<\/script>\n<!-- \/ Yoast SEO plugin. -->","_links":{"self":[{"href":"https:\/\/www.espriu.es\/blog\/wp-json\/wp\/v2\/posts\/787"}],"collection":[{"href":"https:\/\/www.espriu.es\/blog\/wp-json\/wp\/v2\/posts"}],"about":[{"href":"https:\/\/www.espriu.es\/blog\/wp-json\/wp\/v2\/types\/post"}],"author":[{"embeddable":true,"href":"https:\/\/www.espriu.es\/blog\/wp-json\/wp\/v2\/users\/1"}],"replies":[{"embeddable":true,"href":"https:\/\/www.espriu.es\/blog\/wp-json\/wp\/v2\/comments?post=787"}],"version-history":[{"count":8,"href":"https:\/\/www.espriu.es\/blog\/wp-json\/wp\/v2\/posts\/787\/revisions"}],"predecessor-version":[{"id":804,"href":"https:\/\/www.espriu.es\/blog\/wp-json\/wp\/v2\/posts\/787\/revisions\/804"}],"wp:featuredmedia":[{"embeddable":true,"href":"https:\/\/www.espriu.es\/blog\/wp-json\/wp\/v2\/media\/803"}],"wp:attachment":[{"href":"https:\/\/www.espriu.es\/blog\/wp-json\/wp\/v2\/media?parent=787"}],"wp:term":[{"taxonomy":"category","embeddable":true,"href":"https:\/\/www.espriu.es\/blog\/wp-json\/wp\/v2\/categories?post=787"},{"taxonomy":"post_tag","embeddable":true,"href":"https:\/\/www.espriu.es\/blog\/wp-json\/wp\/v2\/tags?post=787"}],"curies":[{"name":"wp","href":"https:\/\/api.w.org\/{rel}","templated":true}]}}