{"id":909,"date":"2025-06-27T10:36:53","date_gmt":"2025-06-27T10:36:53","guid":{"rendered":"https:\/\/www.espriu.es\/blog\/?p=909"},"modified":"2025-06-27T10:36:55","modified_gmt":"2025-06-27T10:36:55","slug":"instalacion-de-sala-de-reuniones","status":"publish","type":"post","link":"https:\/\/www.espriu.es\/blog\/2025\/06\/27\/instalacion-de-sala-de-reuniones\/","title":{"rendered":"Instalaci\u00f3n de Sala de Reuniones"},"content":{"rendered":"\n<p>Instalaci\u00f3n de Sala de Reuniones: Mesa HEOS, Sillas Urban de Actiu y Soporte Monitor Caddy.<\/p>\n\n\n\n<p>En uno de nuestros proyectos m\u00e1s recientes, hemos llevado a cabo la instalaci\u00f3n integral de una sala de reuniones dise\u00f1ada para combinar funcionalidad, est\u00e9tica y tecnolog\u00eda. <\/p>\n\n\n\n<p>El objetivo fue crear un espacio c\u00f3modo, eficiente y preparado para las din\u00e1micas actuales de trabajo presencial y colaborativo. <\/p>\n\n\n\n<p>La instalaci\u00f3n se compone de una<a href=\"https:\/\/www.espriu.es\/mesas-reuniones\/1602-mesa-heos-reunion.html\"> mesa de reuni\u00f3n HEOS<\/a> con electrificaci\u00f3n integrada.<\/p>\n\n\n\n<figure class=\"wp-block-image size-large\"><img loading=\"lazy\" width=\"800\" height=\"431\" src=\"https:\/\/www.espriu.es\/blog\/wp-content\/uploads\/2025\/06\/mesa-heos-reunion-1.png\" alt=\"\" class=\"wp-image-911\" srcset=\"https:\/\/www.espriu.es\/blog\/wp-content\/uploads\/2025\/06\/mesa-heos-reunion-1.png 800w, https:\/\/www.espriu.es\/blog\/wp-content\/uploads\/2025\/06\/mesa-heos-reunion-1-300x162.png 300w, https:\/\/www.espriu.es\/blog\/wp-content\/uploads\/2025\/06\/mesa-heos-reunion-1-768x414.png 768w\" sizes=\"(max-width: 800px) 100vw, 800px\" \/><figcaption><a href=\"https:\/\/www.espriu.es\/mesas-reuniones\/1602-mesa-heos-reunion.html\">Mesa de reuni\u00f3n HEOS<\/a><\/figcaption><\/figure>\n\n\n\n<p>Tambi\u00e9n incluye las <a href=\"https:\/\/www.espriu.es\/sillas\/970-silla-urban-plus-actiu-express.html\">sillas Urban de Actiu<\/a> con estructura de 4 patas y brazos fijos.<\/p>\n\n\n\n<p>Para finalizar, un <a href=\"https:\/\/www.espriu.es\/soporte-monitor\/1018-caddy-actiu-soporte.html\">soporte para monitor Caddy <\/a>de Actiu, todo ello dispuesto en un entorno visualmente armonioso y profesional.<\/p>\n\n\n\n<h2><br>Mesa de reuni\u00f3n HEOS: dise\u00f1o, robustez y conectividad<\/h2>\n\n\n\n<p>La mesa de reuni\u00f3n seleccionada pertenece a la serie HEOS, conocida por su elegancia estructural y su funcionalidad t\u00e9cnica. <\/p>\n\n\n\n<p>Su estructura met\u00e1lica cromada aporta solidez y un acabado brillante de alta calidad.<\/p>\n\n\n\n<p>Mientras que el sobre en acabado madera wengu\u00e9 oscuro introduce un tono c\u00e1lido y sobrio, ideal para espacios de toma de decisiones.<\/p>\n\n\n\n<figure class=\"wp-block-image size-large\"><img loading=\"lazy\" width=\"602\" height=\"800\" src=\"https:\/\/www.espriu.es\/blog\/wp-content\/uploads\/2025\/06\/mesa-heos-reunion.jpg\" alt=\"\" class=\"wp-image-914\" srcset=\"https:\/\/www.espriu.es\/blog\/wp-content\/uploads\/2025\/06\/mesa-heos-reunion.jpg 602w, https:\/\/www.espriu.es\/blog\/wp-content\/uploads\/2025\/06\/mesa-heos-reunion-226x300.jpg 226w\" sizes=\"(max-width: 602px) 100vw, 602px\" \/><figcaption><a href=\"https:\/\/www.espriu.es\/mesas-reuniones\/1602-mesa-heos-reunion.html\">Mesa de reuniones HEOS<\/a><\/figcaption><\/figure>\n\n\n\n<p>Uno de los elementos clave es su sistema de electrificaci\u00f3n central, dise\u00f1ado para un uso intensivo y ordenado. <\/p>\n\n\n\n<p>La mesa incorpora una tapa abatible longitudinal, que da acceso a un m\u00f3dulo de conectividad m\u00faltiple, compuesto por:<\/p>\n\n\n\n<ul><li>Tomas de corriente el\u00e9ctrica est\u00e1ndar.<\/li><li>Puerts USB para carga de dispositivos.<\/li><li>Conectores de red RJ45.<\/li><\/ul>\n\n\n\n<p>El cableado se canaliza de forma completamente oculta a trav\u00e9s de la estructura, manteniendo el sobre despejado y favoreciendo una imagen limpia y profesional.<\/p>\n\n\n\n<h2><br>Sillas Urban de Actiu: ergonom\u00eda discreta y est\u00e9tica coherente para tu sala de reuniones<\/h2>\n\n\n\n<p>La elecci\u00f3n de la silla Urban de Actiu responde al equilibrio buscado entre confort, durabilidad y est\u00e9tica. En esta configuraci\u00f3n, el modelo cuenta con:<\/p>\n\n\n\n<figure class=\"wp-block-image size-large\"><img loading=\"lazy\" width=\"800\" height=\"800\" src=\"https:\/\/www.espriu.es\/blog\/wp-content\/uploads\/2025\/06\/silla-urban-plus-actiu-express.jpg\" alt=\"\" class=\"wp-image-912\" srcset=\"https:\/\/www.espriu.es\/blog\/wp-content\/uploads\/2025\/06\/silla-urban-plus-actiu-express.jpg 800w, https:\/\/www.espriu.es\/blog\/wp-content\/uploads\/2025\/06\/silla-urban-plus-actiu-express-300x300.jpg 300w, https:\/\/www.espriu.es\/blog\/wp-content\/uploads\/2025\/06\/silla-urban-plus-actiu-express-768x768.jpg 768w\" sizes=\"(max-width: 800px) 100vw, 800px\" \/><figcaption><a href=\"https:\/\/www.espriu.es\/sillas\/970-silla-urban-plus-actiu-express.html\">Silla Urban de Actiu<\/a><\/figcaption><\/figure>\n\n\n\n<p id=\"block-0ed757b5-0e0e-4b5d-b581-5f87555e4588\">Estructura de 4 patas met\u00e1licas cromadas, en sinton\u00eda visual con la mesa<br><br>Asiento tapizado en color negro y respaldo en malla t\u00e9cnica negra transpirable, que aportan confort t\u00e9rmico y un apoyo ergon\u00f3mico<br><br>Brazos fijos en acabado negro, funcionales y de l\u00edneas limpias.<br><br>Dise\u00f1o apilable, ideal para entornos din\u00e1micos que requieren reconfiguraci\u00f3n del espacio.<\/p>\n\n\n\n<p>Esta silla resulta ideal para salas de reuniones, visitas o espacios de espera, combinando sobriedad y facilidad de mantenimiento.<\/p>\n\n\n\n<h2><br>Soporte monitor Caddy de Actiu: tecnolog\u00eda vers\u00e1til y movilidad total<\/h2>\n\n\n\n<p>Como complemento audiovisual, se ha incorporado el soporte de monitor Caddy de Actiu.<\/p>\n\n\n\n<p>Un sistema m\u00f3vil y vers\u00e1til especialmente dise\u00f1ado para salas polivalentes. <\/p>\n\n\n\n<figure class=\"wp-block-image size-large\"><img loading=\"lazy\" width=\"650\" height=\"658\" src=\"https:\/\/www.espriu.es\/blog\/wp-content\/uploads\/2025\/06\/caddy-actiu-soporte.jpg\" alt=\"\" class=\"wp-image-913\" srcset=\"https:\/\/www.espriu.es\/blog\/wp-content\/uploads\/2025\/06\/caddy-actiu-soporte.jpg 650w, https:\/\/www.espriu.es\/blog\/wp-content\/uploads\/2025\/06\/caddy-actiu-soporte-296x300.jpg 296w\" sizes=\"(max-width: 650px) 100vw, 650px\" \/><figcaption><a href=\"https:\/\/www.espriu.es\/soporte-monitor\/1018-caddy-actiu-soporte.html\">Soporte para monitor Caddy<\/a><\/figcaption><\/figure>\n\n\n\n<p>Sus caracter\u00edsticas principales incluyen:<\/p>\n\n\n\n<ul><li>Base con ruedas orientables y freno, que permite su desplazamiento f\u00e1cil y estable<\/li><li>Compatibilidad VESA, adaptable a distintos formatos de monitor<br><\/li><li>Bandeja inferior auxiliar para equipos multimedia, mandos u otros accesorios<br><\/li><li>Gesti\u00f3n de cableado oculta, para mantener una est\u00e9tica ordenada<\/li><\/ul>\n\n\n\n<p>Este soporte permite usar pantallas para presentaciones, videoconferencias o sesiones colaborativas, adapt\u00e1ndose al enfoque h\u00edbrido de trabajo actual.<\/p>\n\n\n\n<p><br>Resultado final: equilibrio entre dise\u00f1o, funcionalidad y armon\u00eda visual<\/p>\n\n\n\n<p>El resultado de la instalaci\u00f3n es un espacio de reuni\u00f3n funcional, elegante y completamente integrado.<\/p>\n\n\n\n<p>Cada elemento ha sido seleccionado por su aporte t\u00e9cnico y est\u00e9tico. <\/p>\n\n\n\n<p>El entorno, de paredes blancas y suelo tapizado en azul jaspeado, proporciona un fondo neutro y luminoso.<\/p>\n\n\n\n<p>Esto realza los materiales y acabados del mobiliario.<\/p>\n\n\n\n<p>El conjunto crom\u00e1tico ha sido cuidadosamente coordinado:<\/p>\n\n\n\n<p id=\"block-6b7ff9a7-8a4b-4288-aa5a-fb77a4598431\">Mesa con sobre wengu\u00e9 oscuro y estructura cromada.<br><br>Sillas en negro (tapizado, malla y brazos) con estructura met\u00e1lica cromada.<br><br>Soporte Caddy en acabado met\u00e1lico, que refuerza la unidad visual del conjunto.<\/p>\n\n\n\n<p>Esta propuesta demuestra c\u00f3mo la planificaci\u00f3n y el mobiliario adecuados pueden transformar una sala de reuniones en un espacio representativo, c\u00f3modo y tecnol\u00f3gicamente preparado.<\/p>\n\n\n\n<p>Alineado con los valores y necesidades de cada organizaci\u00f3n.<\/p>\n\n\n\n<p>En Espriu somos especialistas en elaboraci\u00f3n y ejecuci\u00f3n de proyectos mobiliarios. <a href=\"https:\/\/www.espriu.es\/\">Consulta con nosotros<\/a>.<\/p>\n","protected":false},"excerpt":{"rendered":"<p>Instalaci\u00f3n de Sala de Reuniones: Mesa HEOS, Sillas Urban de Actiu y Soporte Monitor Caddy. En uno de nuestros proyectos m\u00e1s recientes, hemos llevado a cabo la instalaci\u00f3n integral de una sala de reuniones dise\u00f1ada para combinar funcionalidad, est\u00e9tica y tecnolog\u00eda. El objetivo fue crear un espacio c\u00f3modo, eficiente y preparado para las din\u00e1micas actuales [&hellip;]<\/p>\n","protected":false},"author":1,"featured_media":915,"comment_status":"open","ping_status":"open","sticky":false,"template":"","format":"standard","meta":[],"categories":[133],"tags":[61,178],"yoast_head":"<!-- This site is optimized with the Yoast SEO plugin v15.6.2 - https:\/\/yoast.com\/wordpress\/plugins\/seo\/ -->\n<title>Instalaci\u00f3n de Sala de Reuniones - Espriu Blog<\/title>\n<meta name=\"description\" content=\"En uno de nuestros proyectos m\u00e1s recientes, hemos llevado a cabo la instalaci\u00f3n integral de una sala de reuniones funcional.\" \/>\n<meta name=\"robots\" content=\"index, follow, max-snippet:-1, max-image-preview:large, max-video-preview:-1\" \/>\n<link rel=\"canonical\" href=\"https:\/\/www.espriu.es\/blog\/2025\/06\/27\/instalacion-de-sala-de-reuniones\/\" \/>\n<meta property=\"og:locale\" content=\"es_ES\" \/>\n<meta property=\"og:type\" content=\"article\" \/>\n<meta property=\"og:title\" content=\"Instalaci\u00f3n de Sala de Reuniones - Espriu Blog\" \/>\n<meta property=\"og:description\" content=\"En uno de nuestros proyectos m\u00e1s recientes, hemos llevado a cabo la instalaci\u00f3n integral de una sala de reuniones funcional.\" \/>\n<meta property=\"og:url\" content=\"https:\/\/www.espriu.es\/blog\/2025\/06\/27\/instalacion-de-sala-de-reuniones\/\" \/>\n<meta property=\"og:site_name\" content=\"Espriu Blog\" \/>\n<meta property=\"article:publisher\" content=\"https:\/\/www.facebook.com\/espriu.mobiliario\/\" \/>\n<meta property=\"article:published_time\" content=\"2025-06-27T10:36:53+00:00\" \/>\n<meta property=\"article:modified_time\" content=\"2025-06-27T10:36:55+00:00\" \/>\n<meta property=\"og:image\" content=\"https:\/\/www.espriu.es\/blog\/wp-content\/uploads\/2025\/06\/Copia-de-Copia-de-Copia-de-Copia-de-Nuestros-proyectos-2.png\" \/>\n\t<meta property=\"og:image:width\" content=\"330\" \/>\n\t<meta property=\"og:image:height\" content=\"220\" \/>\n<meta name=\"twitter:card\" content=\"summary_large_image\" \/>\n<meta name=\"twitter:creator\" content=\"@Espriumobiliar1\" \/>\n<meta name=\"twitter:site\" content=\"@Espriumobiliar1\" \/>\n<meta name=\"twitter:label1\" content=\"Tiempo de lectura\">\n\t<meta name=\"twitter:data1\" content=\"4 minutos\">\n<script type=\"application\/ld+json\" class=\"yoast-schema-graph\">{\"@context\":\"https:\/\/schema.org\",\"@graph\":[{\"@type\":\"WebSite\",\"@id\":\"https:\/\/www.espriu.es\/blog\/#website\",\"url\":\"https:\/\/www.espriu.es\/blog\/\",\"name\":\"Blog Espriu Mobiliario de Oficina y Teletrabajo\",\"description\":\"Blog Espriu.es - Mobiliario de oficina\",\"potentialAction\":[{\"@type\":\"SearchAction\",\"target\":\"https:\/\/www.espriu.es\/blog\/?s={search_term_string}\",\"query-input\":\"required name=search_term_string\"}],\"inLanguage\":\"es\"},{\"@type\":\"ImageObject\",\"@id\":\"https:\/\/www.espriu.es\/blog\/2025\/06\/27\/instalacion-de-sala-de-reuniones\/#primaryimage\",\"inLanguage\":\"es\",\"url\":\"https:\/\/www.espriu.es\/blog\/wp-content\/uploads\/2025\/06\/Copia-de-Copia-de-Copia-de-Copia-de-Nuestros-proyectos-2.png\",\"width\":330,\"height\":220},{\"@type\":\"WebPage\",\"@id\":\"https:\/\/www.espriu.es\/blog\/2025\/06\/27\/instalacion-de-sala-de-reuniones\/#webpage\",\"url\":\"https:\/\/www.espriu.es\/blog\/2025\/06\/27\/instalacion-de-sala-de-reuniones\/\",\"name\":\"Instalaci\\u00f3n de Sala de Reuniones - Espriu Blog\",\"isPartOf\":{\"@id\":\"https:\/\/www.espriu.es\/blog\/#website\"},\"primaryImageOfPage\":{\"@id\":\"https:\/\/www.espriu.es\/blog\/2025\/06\/27\/instalacion-de-sala-de-reuniones\/#primaryimage\"},\"datePublished\":\"2025-06-27T10:36:53+00:00\",\"dateModified\":\"2025-06-27T10:36:55+00:00\",\"author\":{\"@id\":\"https:\/\/www.espriu.es\/blog\/#\/schema\/person\/6c8e8e762449686d4557bc3d733054e1\"},\"description\":\"En uno de nuestros proyectos m\\u00e1s recientes, hemos llevado a cabo la instalaci\\u00f3n integral de una sala de reuniones funcional.\",\"inLanguage\":\"es\",\"potentialAction\":[{\"@type\":\"ReadAction\",\"target\":[\"https:\/\/www.espriu.es\/blog\/2025\/06\/27\/instalacion-de-sala-de-reuniones\/\"]}]},{\"@type\":\"Person\",\"@id\":\"https:\/\/www.espriu.es\/blog\/#\/schema\/person\/6c8e8e762449686d4557bc3d733054e1\",\"name\":\"Espriu\",\"image\":{\"@type\":\"ImageObject\",\"@id\":\"https:\/\/www.espriu.es\/blog\/#personlogo\",\"inLanguage\":\"es\",\"url\":\"https:\/\/secure.gravatar.com\/avatar\/3f26188c3f4a4dfed016f22d4d35f33b?s=96&d=mm&r=g\",\"caption\":\"Espriu\"},\"sameAs\":[\"http:\/\/espriu.comercial.cc\/blog\"]}]}<\/script>\n<!-- \/ Yoast SEO plugin. -->","_links":{"self":[{"href":"https:\/\/www.espriu.es\/blog\/wp-json\/wp\/v2\/posts\/909"}],"collection":[{"href":"https:\/\/www.espriu.es\/blog\/wp-json\/wp\/v2\/posts"}],"about":[{"href":"https:\/\/www.espriu.es\/blog\/wp-json\/wp\/v2\/types\/post"}],"author":[{"embeddable":true,"href":"https:\/\/www.espriu.es\/blog\/wp-json\/wp\/v2\/users\/1"}],"replies":[{"embeddable":true,"href":"https:\/\/www.espriu.es\/blog\/wp-json\/wp\/v2\/comments?post=909"}],"version-history":[{"count":2,"href":"https:\/\/www.espriu.es\/blog\/wp-json\/wp\/v2\/posts\/909\/revisions"}],"predecessor-version":[{"id":918,"href":"https:\/\/www.espriu.es\/blog\/wp-json\/wp\/v2\/posts\/909\/revisions\/918"}],"wp:featuredmedia":[{"embeddable":true,"href":"https:\/\/www.espriu.es\/blog\/wp-json\/wp\/v2\/media\/915"}],"wp:attachment":[{"href":"https:\/\/www.espriu.es\/blog\/wp-json\/wp\/v2\/media?parent=909"}],"wp:term":[{"taxonomy":"category","embeddable":true,"href":"https:\/\/www.espriu.es\/blog\/wp-json\/wp\/v2\/categories?post=909"},{"taxonomy":"post_tag","embeddable":true,"href":"https:\/\/www.espriu.es\/blog\/wp-json\/wp\/v2\/tags?post=909"}],"curies":[{"name":"wp","href":"https:\/\/api.w.org\/{rel}","templated":true}]}}