{"id":971,"date":"2026-03-25T10:18:58","date_gmt":"2026-03-25T10:18:58","guid":{"rendered":"https:\/\/www.espriu.es\/blog\/?p=971"},"modified":"2026-03-25T10:27:09","modified_gmt":"2026-03-25T10:27:09","slug":"cabina-qyos-600-actiu","status":"publish","type":"post","link":"https:\/\/www.espriu.es\/blog\/2026\/03\/25\/cabina-qyos-600-actiu\/","title":{"rendered":"Cabina QYOS 600 Actiu. Flexibilidad para las oficinas de hoy"},"content":{"rendered":"\n<p>Una sala de reuniones insonorizada, instalada en horas y sin obras.<\/p>\n\n\n\n<p>Imagina poder incorporar a tu oficina una sala cerrada, ac\u00fasticamente aislada y completamente equipada\u2026 sin levantar tabiques, sin obras y sin interrumpir la actividad diaria.<\/p>\n\n\n\n<figure class=\"wp-block-image size-large\"><a href=\"https:\/\/www.espriu.es\/cabinas-acusticas\/1680-cabina-qyos-600-actiu.html\"><img loading=\"lazy\" width=\"800\" height=\"454\" src=\"https:\/\/www.espriu.es\/blog\/wp-content\/uploads\/2026\/03\/cabina-qyos-600-actiu.jpg\" alt=\"\" class=\"wp-image-975\" srcset=\"https:\/\/www.espriu.es\/blog\/wp-content\/uploads\/2026\/03\/cabina-qyos-600-actiu.jpg 800w, https:\/\/www.espriu.es\/blog\/wp-content\/uploads\/2026\/03\/cabina-qyos-600-actiu-300x170.jpg 300w, https:\/\/www.espriu.es\/blog\/wp-content\/uploads\/2026\/03\/cabina-qyos-600-actiu-768x436.jpg 768w\" sizes=\"(max-width: 800px) 100vw, 800px\" \/><\/a><figcaption><a href=\"https:\/\/www.espriu.es\/cabinas-acusticas\/1680-cabina-qyos-600-actiu.html\">Cabina QYOS 600<\/a><\/figcaption><\/figure>\n\n\n\n<p>Eso es exactamente lo que ofrece la QYOS 600 de Actiu: una cabina ac\u00fastica para 6 personas que funciona como una aut\u00e9ntica sala de reuniones dentro del espacio abierto.<\/p>\n\n\n\n<h2>Mucho m\u00e1s que una cabina: una sala completa<\/h2>\n\n\n\n<p>Con casi 7 m\u00b2 de superficie \u00fatil, la QYOS 600 permite configurar un espacio c\u00f3modo y representativo.<\/p>\n\n\n\n<p>Por ejemplo:<\/p>\n\n\n\n<p>Sof\u00e1s Meetia de Actiu, que aportan confort y una est\u00e9tica c\u00e1lida para reuniones colaborativas.<\/p>\n\n\n\n<figure class=\"wp-block-image size-large\"><a href=\"https:\/\/www.espriu.es\/sofas-oficina\/1579-sofa-meetia.html\"><img loading=\"lazy\" width=\"800\" height=\"800\" src=\"https:\/\/www.espriu.es\/blog\/wp-content\/uploads\/2026\/03\/sofa-meetia.jpg\" alt=\"\" class=\"wp-image-972\" srcset=\"https:\/\/www.espriu.es\/blog\/wp-content\/uploads\/2026\/03\/sofa-meetia.jpg 800w, https:\/\/www.espriu.es\/blog\/wp-content\/uploads\/2026\/03\/sofa-meetia-300x300.jpg 300w, https:\/\/www.espriu.es\/blog\/wp-content\/uploads\/2026\/03\/sofa-meetia-768x768.jpg 768w\" sizes=\"(max-width: 800px) 100vw, 800px\" \/><\/a><figcaption><a href=\"https:\/\/www.espriu.es\/sofas-oficina\/1579-sofa-meetia.html\">Sof\u00e1s Meetia<\/a><\/figcaption><\/figure>\n\n\n\n<p>Butacas Noom de Actiu, ideales para aportar ergonom\u00eda y presencia.<\/p>\n\n\n\n<figure class=\"wp-block-image size-large\"><a href=\"https:\/\/www.espriu.es\/soft-seating\/677-butaca-noom-respaldo-alto.html\"><img loading=\"lazy\" width=\"526\" height=\"533\" src=\"https:\/\/www.espriu.es\/blog\/wp-content\/uploads\/2026\/03\/butaca-noom-respaldo-alto.jpg\" alt=\"\" class=\"wp-image-973\" srcset=\"https:\/\/www.espriu.es\/blog\/wp-content\/uploads\/2026\/03\/butaca-noom-respaldo-alto.jpg 526w, https:\/\/www.espriu.es\/blog\/wp-content\/uploads\/2026\/03\/butaca-noom-respaldo-alto-296x300.jpg 296w\" sizes=\"(max-width: 526px) 100vw, 526px\" \/><\/a><figcaption><a href=\"https:\/\/www.espriu.es\/soft-seating\/677-butaca-noom-respaldo-alto.html\">Butaca Noom<\/a><\/figcaption><\/figure>\n\n\n\n<p>Mesa auxiliar Longo de Actiu, perfecta como mesa de centro para documentaci\u00f3n, dispositivos o apoyo informal.<\/p>\n\n\n\n<figure class=\"wp-block-image size-large\"><a href=\"https:\/\/www.espriu.es\/mesas-auxiliares\/1535-mesa-centro-longo-actiu.html\"><img loading=\"lazy\" width=\"800\" height=\"800\" src=\"https:\/\/www.espriu.es\/blog\/wp-content\/uploads\/2026\/03\/mesa-centro-longo-actiu.jpg\" alt=\"\" class=\"wp-image-974\" srcset=\"https:\/\/www.espriu.es\/blog\/wp-content\/uploads\/2026\/03\/mesa-centro-longo-actiu.jpg 800w, https:\/\/www.espriu.es\/blog\/wp-content\/uploads\/2026\/03\/mesa-centro-longo-actiu-300x300.jpg 300w, https:\/\/www.espriu.es\/blog\/wp-content\/uploads\/2026\/03\/mesa-centro-longo-actiu-768x768.jpg 768w\" sizes=\"(max-width: 800px) 100vw, 800px\" \/><\/a><figcaption><a href=\"https:\/\/www.espriu.es\/mesas-auxiliares\/1535-mesa-centro-longo-actiu.html\">Mesa auxiliar Longo<\/a><\/figcaption><\/figure>\n\n\n\n<p>El resultado es un entorno acogedor, silencioso y perfectamente equipado para:<\/p>\n\n\n\n<ul><li>Reuniones estrat\u00e9gicas.<\/li><\/ul>\n\n\n\n<ul><li>Encuentros con clientes.<\/li><\/ul>\n\n\n\n<ul><li>Sesiones de co-creaci\u00f3n.<\/li><\/ul>\n\n\n\n<ul><li>Videoconferencias grupales.<\/li><\/ul>\n\n\n\n<p>Con soporte opcional para pantalla (hasta 43\u201d), iluminaci\u00f3n LED regulable y sistema Plug &amp; Play con USB A+C, la QYOS 600 est\u00e1 preparada para el trabajo h\u00edbrido.<\/p>\n\n\n\n<h2>Silencio certificado, confort garantizado con la cabina QYOS <\/h2>\n\n\n\n<p>La gama QYOS cuenta con aislamiento ac\u00fastico Clase A (30\u201333 dB seg\u00fan ISO 23351-1), ventilaci\u00f3n el\u00e9ctrica regulable y renovaci\u00f3n de aire completa en pocos minutos.<\/p>\n\n\n\n<p>En el caso de la QYOS 600, su sistema de 14 ventiladores asegura un ambiente confortable incluso en reuniones prolongadas.<\/p>\n\n\n\n<p>El vidrio ac\u00fastico 4+4 mm, los paneles fonoabsorbentes PET y la estructura en aluminio extrusionado garantizan robustez, privacidad y durabilidad.<\/p>\n\n\n\n<p>Y tambi\u00e9n puede ser un despacho privado.<\/p>\n\n\n\n<figure class=\"wp-block-image size-large\"><a href=\"https:\/\/www.espriu.es\/cabinas-acusticas\/1680-cabina-qyos-600-actiu.html\"><img loading=\"lazy\" width=\"800\" height=\"534\" src=\"https:\/\/www.espriu.es\/blog\/wp-content\/uploads\/2026\/03\/cabina-qyos-600-actiu-1.jpg\" alt=\"\" class=\"wp-image-976\" srcset=\"https:\/\/www.espriu.es\/blog\/wp-content\/uploads\/2026\/03\/cabina-qyos-600-actiu-1.jpg 800w, https:\/\/www.espriu.es\/blog\/wp-content\/uploads\/2026\/03\/cabina-qyos-600-actiu-1-300x200.jpg 300w, https:\/\/www.espriu.es\/blog\/wp-content\/uploads\/2026\/03\/cabina-qyos-600-actiu-1-445x298.jpg 445w, https:\/\/www.espriu.es\/blog\/wp-content\/uploads\/2026\/03\/cabina-qyos-600-actiu-1-768x513.jpg 768w\" sizes=\"(max-width: 800px) 100vw, 800px\" \/><\/a><figcaption><a href=\"https:\/\/www.espriu.es\/cabinas-acusticas\/1680-cabina-qyos-600-actiu.html\">Cabina QYOS 600<\/a><\/figcaption><\/figure>\n\n\n\n<p>Aunque la presentemos como sala de reuniones, la QYOS 600 puede configurarse igualmente como:<\/p>\n\n\n\n<ul><li>Despacho de direcci\u00f3n dentro de un open space.<\/li><\/ul>\n\n\n\n<ul><li>Espacio de trabajo confidencial.<\/li><\/ul>\n\n\n\n<ul><li>Zona de concentraci\u00f3n para equipos estrat\u00e9gicos.<\/li><\/ul>\n\n\n\n<p>Con una mesa de trabajo convencional, almacenamiento ligero y una silla ejecutiva, se transforma en una oficina cerrada sin necesidad de obra fija.<\/p>\n\n\n\n<h2>Flexibilidad real para oficinas din\u00e1micas<\/h2>\n\n\n\n<p>Las organizaciones ya no necesitan espacios r\u00edgidos. Necesitan soluciones adaptables.<\/p>\n\n\n\n<p>QYOS permite reconfigurar la oficina seg\u00fan evoluciona el negocio. <\/p>\n\n\n\n<figure class=\"wp-block-image size-large\"><a href=\"https:\/\/www.espriu.es\/cabinas-acusticas\/1680-cabina-qyos-600-actiu.html\"><img loading=\"lazy\" width=\"800\" height=\"364\" src=\"https:\/\/www.espriu.es\/blog\/wp-content\/uploads\/2026\/03\/cabina-qyos-600-actiu-2.jpg\" alt=\"\" class=\"wp-image-977\" srcset=\"https:\/\/www.espriu.es\/blog\/wp-content\/uploads\/2026\/03\/cabina-qyos-600-actiu-2.jpg 800w, https:\/\/www.espriu.es\/blog\/wp-content\/uploads\/2026\/03\/cabina-qyos-600-actiu-2-300x137.jpg 300w, https:\/\/www.espriu.es\/blog\/wp-content\/uploads\/2026\/03\/cabina-qyos-600-actiu-2-768x349.jpg 768w\" sizes=\"(max-width: 800px) 100vw, 800px\" \/><\/a><figcaption><a href=\"https:\/\/www.espriu.es\/cabinas-acusticas\/1680-cabina-qyos-600-actiu.html\">Cabina QYOS 600<\/a><\/figcaption><\/figure>\n\n\n\n<p>Se instala en horas, es modular, sostenible y puede reubicarse si cambian las necesidades del espacio. <\/p>\n\n\n\n<p>Una sala de reuniones insonorizada. Un despacho privado. Un espacio flexible. Todo en una misma soluci\u00f3n.<\/p>\n\n\n\n<p>En <a href=\"https:\/\/www.espriu.es\/\">Espriu<\/a>, somos especialistas en la elaboraci\u00f3n y ejecuci\u00f3n de proyectos mobiliarios. Consulta con nosotros y transforma tus espacios.<\/p>\n","protected":false},"excerpt":{"rendered":"<p>Una sala de reuniones insonorizada, instalada en horas y sin obras. Imagina poder incorporar a tu oficina una sala cerrada, ac\u00fasticamente aislada y completamente equipada\u2026 sin levantar tabiques, sin obras y sin interrumpir la actividad diaria. Eso es exactamente lo que ofrece la QYOS 600 de Actiu: una cabina ac\u00fastica para 6 personas que funciona [&hellip;]<\/p>\n","protected":false},"author":1,"featured_media":979,"comment_status":"open","ping_status":"open","sticky":false,"template":"","format":"standard","meta":[],"categories":[86],"tags":[199,200,18],"yoast_head":"<!-- This site is optimized with the Yoast SEO plugin v15.6.2 - https:\/\/yoast.com\/wordpress\/plugins\/seo\/ -->\n<title>Cabina QYOS 600 Actiu. Flexibilidad para las oficinas de hoy - Espriu Blog<\/title>\n<meta name=\"description\" content=\"Con la cabina QYOS de Actiu tendr\u00e1s una sala de reuniones insonorizada, instalada en horas y sin obras. Un espacio flexible.\" \/>\n<meta name=\"robots\" content=\"index, follow, max-snippet:-1, max-image-preview:large, max-video-preview:-1\" \/>\n<link rel=\"canonical\" href=\"https:\/\/www.espriu.es\/blog\/2026\/03\/25\/cabina-qyos-600-actiu\/\" \/>\n<meta property=\"og:locale\" content=\"es_ES\" \/>\n<meta property=\"og:type\" content=\"article\" \/>\n<meta property=\"og:title\" content=\"Cabina QYOS 600 Actiu. Flexibilidad para las oficinas de hoy - Espriu Blog\" \/>\n<meta property=\"og:description\" content=\"Con la cabina QYOS de Actiu tendr\u00e1s una sala de reuniones insonorizada, instalada en horas y sin obras. Un espacio flexible.\" \/>\n<meta property=\"og:url\" content=\"https:\/\/www.espriu.es\/blog\/2026\/03\/25\/cabina-qyos-600-actiu\/\" \/>\n<meta property=\"og:site_name\" content=\"Espriu Blog\" \/>\n<meta property=\"article:publisher\" content=\"https:\/\/www.facebook.com\/espriu.mobiliario\/\" \/>\n<meta property=\"article:published_time\" content=\"2026-03-25T10:18:58+00:00\" \/>\n<meta property=\"article:modified_time\" content=\"2026-03-25T10:27:09+00:00\" \/>\n<meta property=\"og:image\" content=\"https:\/\/www.espriu.es\/blog\/wp-content\/uploads\/2026\/03\/Copia-de-Copia-de-Copia-de-Copia-de-Copia-de-Copia-de-Copia-de-Copia-de-Copia-de-Copia-de-Nuestros-proyectos-2.png\" \/>\n\t<meta property=\"og:image:width\" content=\"330\" \/>\n\t<meta property=\"og:image:height\" content=\"220\" \/>\n<meta name=\"twitter:card\" content=\"summary_large_image\" \/>\n<meta name=\"twitter:creator\" content=\"@Espriumobiliar1\" \/>\n<meta name=\"twitter:site\" content=\"@Espriumobiliar1\" \/>\n<meta name=\"twitter:label1\" content=\"Tiempo de lectura\">\n\t<meta name=\"twitter:data1\" content=\"3 minutos\">\n<script type=\"application\/ld+json\" class=\"yoast-schema-graph\">{\"@context\":\"https:\/\/schema.org\",\"@graph\":[{\"@type\":\"WebSite\",\"@id\":\"https:\/\/www.espriu.es\/blog\/#website\",\"url\":\"https:\/\/www.espriu.es\/blog\/\",\"name\":\"Blog Espriu Mobiliario de Oficina y Teletrabajo\",\"description\":\"Blog Espriu.es - Mobiliario de oficina\",\"potentialAction\":[{\"@type\":\"SearchAction\",\"target\":\"https:\/\/www.espriu.es\/blog\/?s={search_term_string}\",\"query-input\":\"required name=search_term_string\"}],\"inLanguage\":\"es\"},{\"@type\":\"ImageObject\",\"@id\":\"https:\/\/www.espriu.es\/blog\/2026\/03\/25\/cabina-qyos-600-actiu\/#primaryimage\",\"inLanguage\":\"es\",\"url\":\"https:\/\/www.espriu.es\/blog\/wp-content\/uploads\/2026\/03\/Copia-de-Copia-de-Copia-de-Copia-de-Copia-de-Copia-de-Copia-de-Copia-de-Copia-de-Copia-de-Nuestros-proyectos-2.png\",\"width\":330,\"height\":220},{\"@type\":\"WebPage\",\"@id\":\"https:\/\/www.espriu.es\/blog\/2026\/03\/25\/cabina-qyos-600-actiu\/#webpage\",\"url\":\"https:\/\/www.espriu.es\/blog\/2026\/03\/25\/cabina-qyos-600-actiu\/\",\"name\":\"Cabina QYOS 600 Actiu. Flexibilidad para las oficinas de hoy - Espriu Blog\",\"isPartOf\":{\"@id\":\"https:\/\/www.espriu.es\/blog\/#website\"},\"primaryImageOfPage\":{\"@id\":\"https:\/\/www.espriu.es\/blog\/2026\/03\/25\/cabina-qyos-600-actiu\/#primaryimage\"},\"datePublished\":\"2026-03-25T10:18:58+00:00\",\"dateModified\":\"2026-03-25T10:27:09+00:00\",\"author\":{\"@id\":\"https:\/\/www.espriu.es\/blog\/#\/schema\/person\/6c8e8e762449686d4557bc3d733054e1\"},\"description\":\"Con la cabina QYOS de Actiu tendr\\u00e1s una sala de reuniones insonorizada, instalada en horas y sin obras. Un espacio flexible.\",\"inLanguage\":\"es\",\"potentialAction\":[{\"@type\":\"ReadAction\",\"target\":[\"https:\/\/www.espriu.es\/blog\/2026\/03\/25\/cabina-qyos-600-actiu\/\"]}]},{\"@type\":\"Person\",\"@id\":\"https:\/\/www.espriu.es\/blog\/#\/schema\/person\/6c8e8e762449686d4557bc3d733054e1\",\"name\":\"Espriu\",\"image\":{\"@type\":\"ImageObject\",\"@id\":\"https:\/\/www.espriu.es\/blog\/#personlogo\",\"inLanguage\":\"es\",\"url\":\"https:\/\/secure.gravatar.com\/avatar\/3f26188c3f4a4dfed016f22d4d35f33b?s=96&d=mm&r=g\",\"caption\":\"Espriu\"},\"sameAs\":[\"http:\/\/espriu.comercial.cc\/blog\"]}]}<\/script>\n<!-- \/ Yoast SEO plugin. -->","_links":{"self":[{"href":"https:\/\/www.espriu.es\/blog\/wp-json\/wp\/v2\/posts\/971"}],"collection":[{"href":"https:\/\/www.espriu.es\/blog\/wp-json\/wp\/v2\/posts"}],"about":[{"href":"https:\/\/www.espriu.es\/blog\/wp-json\/wp\/v2\/types\/post"}],"author":[{"embeddable":true,"href":"https:\/\/www.espriu.es\/blog\/wp-json\/wp\/v2\/users\/1"}],"replies":[{"embeddable":true,"href":"https:\/\/www.espriu.es\/blog\/wp-json\/wp\/v2\/comments?post=971"}],"version-history":[{"count":2,"href":"https:\/\/www.espriu.es\/blog\/wp-json\/wp\/v2\/posts\/971\/revisions"}],"predecessor-version":[{"id":981,"href":"https:\/\/www.espriu.es\/blog\/wp-json\/wp\/v2\/posts\/971\/revisions\/981"}],"wp:featuredmedia":[{"embeddable":true,"href":"https:\/\/www.espriu.es\/blog\/wp-json\/wp\/v2\/media\/979"}],"wp:attachment":[{"href":"https:\/\/www.espriu.es\/blog\/wp-json\/wp\/v2\/media?parent=971"}],"wp:term":[{"taxonomy":"category","embeddable":true,"href":"https:\/\/www.espriu.es\/blog\/wp-json\/wp\/v2\/categories?post=971"},{"taxonomy":"post_tag","embeddable":true,"href":"https:\/\/www.espriu.es\/blog\/wp-json\/wp\/v2\/tags?post=971"}],"curies":[{"name":"wp","href":"https:\/\/api.w.org\/{rel}","templated":true}]}}