{"id":983,"date":"2026-04-28T10:48:17","date_gmt":"2026-04-28T10:48:17","guid":{"rendered":"https:\/\/www.espriu.es\/blog\/?p=983"},"modified":"2026-04-28T10:48:18","modified_gmt":"2026-04-28T10:48:18","slug":"office-pod-360-pro-solution-espacio-de-trabajo-completo","status":"publish","type":"post","link":"https:\/\/www.espriu.es\/blog\/2026\/04\/28\/office-pod-360-pro-solution-espacio-de-trabajo-completo\/","title":{"rendered":"Office Pod 360 Pro Solution: un espacio de trabajo completo en pocos metros."},"content":{"rendered":"\n<p>Office Pod 360 Pro Solution: un espacio de trabajo completo en pocos metros.<\/p>\n\n\n\n<p>En un momento en el que el hogar y la oficina se entrelazan, disponer de un espacio de trabajo funcional, ordenado y bien integrado se ha convertido en una prioridad. <\/p>\n\n\n\n<figure class=\"wp-block-image size-large\"><a href=\"https:\/\/www.espriu.es\/mesa-teletrabajo\/1688-mesa-office-pod-360-pro-solution.html\"><img loading=\"lazy\" width=\"800\" height=\"438\" src=\"https:\/\/www.espriu.es\/blog\/wp-content\/uploads\/2026\/04\/mesa-office-pod-360-pro-solutiona.jpg\" alt=\"\" class=\"wp-image-984\" srcset=\"https:\/\/www.espriu.es\/blog\/wp-content\/uploads\/2026\/04\/mesa-office-pod-360-pro-solutiona.jpg 800w, https:\/\/www.espriu.es\/blog\/wp-content\/uploads\/2026\/04\/mesa-office-pod-360-pro-solutiona-300x164.jpg 300w, https:\/\/www.espriu.es\/blog\/wp-content\/uploads\/2026\/04\/mesa-office-pod-360-pro-solutiona-768x420.jpg 768w\" sizes=\"(max-width: 800px) 100vw, 800px\" \/><\/a><figcaption><a href=\"https:\/\/www.espriu.es\/mesa-teletrabajo\/1688-mesa-office-pod-360-pro-solution.html\">Office Pod 360 Pro Solution<\/a><\/figcaption><\/figure>\n\n\n\n<p>La Office Pod 360 Pro Solution de Mobellinea nace precisamente para dar respuesta a esta necesidad, ofreciendo una soluci\u00f3n compacta que permite crear un puesto de trabajo completo sin ocupar grandes superficies.<\/p>\n\n\n\n<h2>Un escritorio que organiza el espacio<\/h2>\n\n\n\n<p>La clave est\u00e1 en su configuraci\u00f3n inteligente. <\/p>\n\n\n\n<p>El conjunto combina tres elementos en una \u00fanica pieza:<\/p>\n\n\n\n<p>Un sobre giratorio 360\u00ba, que permite adaptar la posici\u00f3n de trabajo.<br>Un m\u00f3dulo lateral con caj\u00f3n y estanter\u00edas abiertas, para el d\u00eda a d\u00eda.<br>Una consola auxiliar con puertas correderas, que mantiene el orden visual.<\/p>\n\n\n\n<figure class=\"wp-block-image size-large\"><a href=\"https:\/\/www.espriu.es\/mesa-teletrabajo\/1688-mesa-office-pod-360-pro-solution.html\"><img loading=\"lazy\" width=\"800\" height=\"800\" src=\"https:\/\/www.espriu.es\/blog\/wp-content\/uploads\/2026\/04\/mesa-office-pod-360-pro-solutionb.jpg\" alt=\"\" class=\"wp-image-985\" srcset=\"https:\/\/www.espriu.es\/blog\/wp-content\/uploads\/2026\/04\/mesa-office-pod-360-pro-solutionb.jpg 800w, https:\/\/www.espriu.es\/blog\/wp-content\/uploads\/2026\/04\/mesa-office-pod-360-pro-solutionb-300x300.jpg 300w, https:\/\/www.espriu.es\/blog\/wp-content\/uploads\/2026\/04\/mesa-office-pod-360-pro-solutionb-768x768.jpg 768w\" sizes=\"(max-width: 800px) 100vw, 800px\" \/><\/a><figcaption><a href=\"https:\/\/www.espriu.es\/mesa-teletrabajo\/1688-mesa-office-pod-360-pro-solution.html\">Office Pod 360 Pro Solutionhttps:\/\/www.espriu.es\/mesa-teletrabajo\/1688-mesa-office-pod-360-pro-solution.html<\/a><\/figcaption><\/figure>\n\n\n\n<p>Este sistema permite generar un entorno pr\u00e1ctico y organizado, donde todo tiene su lugar. <\/p>\n\n\n\n<p>El giro del tablero aporta flexibilidad, mientras que el almacenamiento integrado evita la necesidad de a\u00f1adir mobiliario adicional.<\/p>\n\n\n\n<p>El resultado es un escritorio que no solo ocupa poco espacio, sino que tambi\u00e9n ayuda a estructurarlo.<\/p>\n\n\n\n<h2>Office Pod. Pensado para el d\u00eda a d\u00eda<\/h2>\n\n\n\n<p>Encaja especialmente bien en:<\/p>\n\n\n\n<p>Home office.<br>Espacios multifuncionales.<br>Zonas de trabajo dentro del sal\u00f3n o dormitorio.<br>Oficinas h\u00edbridas con puestos no permanentes.<\/p>\n\n\n\n<p>Su dise\u00f1o c\u00e1lido, con acabados en madera combinados con detalles en color, facilita su integraci\u00f3n en entornos dom\u00e9sticos sin perder car\u00e1cter profesional.<\/p>\n\n\n\n<h2>La importancia de una buena silla: Daily Roller<\/h2>\n\n\n\n<p>Ning\u00fan puesto de trabajo est\u00e1 completo sin una buena silla. <\/p>\n\n\n\n<p>En este caso, la combinaci\u00f3n con la silla Daily Roller de Mobellinea resulta especialmente coherente.<\/p>\n\n\n\n<figure class=\"wp-block-image size-large\"><a href=\"https:\/\/www.espriu.es\/sillas-oficina\/1689-silla-daily-roller-mobellinea.html\"><img loading=\"lazy\" width=\"800\" height=\"800\" src=\"https:\/\/www.espriu.es\/blog\/wp-content\/uploads\/2026\/04\/silla-daily-roller-mobellineac.jpg\" alt=\"\" class=\"wp-image-986\" srcset=\"https:\/\/www.espriu.es\/blog\/wp-content\/uploads\/2026\/04\/silla-daily-roller-mobellineac.jpg 800w, https:\/\/www.espriu.es\/blog\/wp-content\/uploads\/2026\/04\/silla-daily-roller-mobellineac-300x300.jpg 300w, https:\/\/www.espriu.es\/blog\/wp-content\/uploads\/2026\/04\/silla-daily-roller-mobellineac-768x768.jpg 768w\" sizes=\"(max-width: 800px) 100vw, 800px\" \/><\/a><figcaption><a href=\"https:\/\/www.espriu.es\/sillas-oficina\/1689-silla-daily-roller-mobellinea.html\">Silla Daily Roller Mobellinea<\/a><\/figcaption><\/figure>\n\n\n\n<p>La Daily Roller aporta:<\/p>\n\n\n\n<p>&#8211; Movilidad, gracias a su base giratoria con ruedas.<br>-Confort, con asiento ergon\u00f3mico y opci\u00f3n tapizada.<br>-Ligereza visual, con una est\u00e9tica limpia y contempor\u00e1nea.<\/p>\n\n\n\n<p>Su dise\u00f1o encaja perfectamente con el concepto de Office Pod: soluciones funcionales, vers\u00e1tiles y adaptadas al d\u00eda a d\u00eda.<\/p>\n\n\n\n<h2>Office Pod. Compacto, funcional y bien resuelto<\/h2>\n\n\n\n<p>Demuestra que no es necesario disponer de grandes espacios para trabajar bien. <\/p>\n\n\n\n<p>Con una buena planificaci\u00f3n, es posible crear un entorno c\u00f3modo, ordenado y eficiente en pocos metros.<\/p>\n\n\n\n<p>Una soluci\u00f3n pensada para quienes buscan equilibrio entre dise\u00f1o, funcionalidad y optimizaci\u00f3n del espacio.<\/p>\n\n\n\n<p>En <a href=\"https:\/\/www.espriu.es\/\">Espriu<\/a>, somos especialistas en la elaboraci\u00f3n y ejecuci\u00f3n de proyectos mobiliarios. Consulta con nosotros y transforma tus espacios.<\/p>\n","protected":false},"excerpt":{"rendered":"<p>Office Pod 360 Pro Solution: un espacio de trabajo completo en pocos metros. En un momento en el que el hogar y la oficina se entrelazan, disponer de un espacio de trabajo funcional, ordenado y bien integrado se ha convertido en una prioridad. La Office Pod 360 Pro Solution de Mobellinea nace precisamente para dar [&hellip;]<\/p>\n","protected":false},"author":1,"featured_media":987,"comment_status":"open","ping_status":"open","sticky":false,"template":"","format":"standard","meta":[],"categories":[86],"tags":[141,29,173,17,112,48,74],"yoast_head":"<!-- This site is optimized with the Yoast SEO plugin v15.6.2 - https:\/\/yoast.com\/wordpress\/plugins\/seo\/ -->\n<title>Office Pod 360 Pro Solution: un espacio de trabajo completo en pocos metros. - Espriu Blog<\/title>\n<meta name=\"description\" content=\"Office Pod 360 Pro Solution: un espacio de trabajo completo en pocos metros. No es necesario disponer de grandes espacios para trabajar bien.\" \/>\n<meta name=\"robots\" content=\"index, follow, max-snippet:-1, max-image-preview:large, max-video-preview:-1\" \/>\n<link rel=\"canonical\" href=\"https:\/\/www.espriu.es\/blog\/2026\/04\/28\/office-pod-360-pro-solution-espacio-de-trabajo-completo\/\" \/>\n<meta property=\"og:locale\" content=\"es_ES\" \/>\n<meta property=\"og:type\" content=\"article\" \/>\n<meta property=\"og:title\" content=\"Office Pod 360 Pro Solution: un espacio de trabajo completo en pocos metros. - Espriu Blog\" \/>\n<meta property=\"og:description\" content=\"Office Pod 360 Pro Solution: un espacio de trabajo completo en pocos metros. No es necesario disponer de grandes espacios para trabajar bien.\" \/>\n<meta property=\"og:url\" content=\"https:\/\/www.espriu.es\/blog\/2026\/04\/28\/office-pod-360-pro-solution-espacio-de-trabajo-completo\/\" \/>\n<meta property=\"og:site_name\" content=\"Espriu Blog\" \/>\n<meta property=\"article:publisher\" content=\"https:\/\/www.facebook.com\/espriu.mobiliario\/\" \/>\n<meta property=\"article:published_time\" content=\"2026-04-28T10:48:17+00:00\" \/>\n<meta property=\"article:modified_time\" content=\"2026-04-28T10:48:18+00:00\" \/>\n<meta property=\"og:image\" content=\"https:\/\/www.espriu.es\/blog\/wp-content\/uploads\/2026\/04\/Copia-de-Copia-de-Copia-de-Copia-de-Copia-de-Copia-de-Copia-de-Copia-de-Copia-de-Copia-de-Copia-de-Nuestros-proyectos-1.png\" \/>\n\t<meta property=\"og:image:width\" content=\"330\" \/>\n\t<meta property=\"og:image:height\" content=\"220\" \/>\n<meta name=\"twitter:card\" content=\"summary_large_image\" \/>\n<meta name=\"twitter:creator\" content=\"@Espriumobiliar1\" \/>\n<meta name=\"twitter:site\" content=\"@Espriumobiliar1\" \/>\n<meta name=\"twitter:label1\" content=\"Tiempo de lectura\">\n\t<meta name=\"twitter:data1\" content=\"3 minutos\">\n<script type=\"application\/ld+json\" class=\"yoast-schema-graph\">{\"@context\":\"https:\/\/schema.org\",\"@graph\":[{\"@type\":\"WebSite\",\"@id\":\"https:\/\/www.espriu.es\/blog\/#website\",\"url\":\"https:\/\/www.espriu.es\/blog\/\",\"name\":\"Blog Espriu Mobiliario de Oficina y Teletrabajo\",\"description\":\"Blog Espriu.es - Mobiliario de oficina\",\"potentialAction\":[{\"@type\":\"SearchAction\",\"target\":\"https:\/\/www.espriu.es\/blog\/?s={search_term_string}\",\"query-input\":\"required name=search_term_string\"}],\"inLanguage\":\"es\"},{\"@type\":\"ImageObject\",\"@id\":\"https:\/\/www.espriu.es\/blog\/2026\/04\/28\/office-pod-360-pro-solution-espacio-de-trabajo-completo\/#primaryimage\",\"inLanguage\":\"es\",\"url\":\"https:\/\/www.espriu.es\/blog\/wp-content\/uploads\/2026\/04\/Copia-de-Copia-de-Copia-de-Copia-de-Copia-de-Copia-de-Copia-de-Copia-de-Copia-de-Copia-de-Copia-de-Nuestros-proyectos-1.png\",\"width\":330,\"height\":220},{\"@type\":\"WebPage\",\"@id\":\"https:\/\/www.espriu.es\/blog\/2026\/04\/28\/office-pod-360-pro-solution-espacio-de-trabajo-completo\/#webpage\",\"url\":\"https:\/\/www.espriu.es\/blog\/2026\/04\/28\/office-pod-360-pro-solution-espacio-de-trabajo-completo\/\",\"name\":\"Office Pod 360 Pro Solution: un espacio de trabajo completo en pocos metros. - Espriu Blog\",\"isPartOf\":{\"@id\":\"https:\/\/www.espriu.es\/blog\/#website\"},\"primaryImageOfPage\":{\"@id\":\"https:\/\/www.espriu.es\/blog\/2026\/04\/28\/office-pod-360-pro-solution-espacio-de-trabajo-completo\/#primaryimage\"},\"datePublished\":\"2026-04-28T10:48:17+00:00\",\"dateModified\":\"2026-04-28T10:48:18+00:00\",\"author\":{\"@id\":\"https:\/\/www.espriu.es\/blog\/#\/schema\/person\/6c8e8e762449686d4557bc3d733054e1\"},\"description\":\"Office Pod 360 Pro Solution: un espacio de trabajo completo en pocos metros. No es necesario disponer de grandes espacios para trabajar bien.\",\"inLanguage\":\"es\",\"potentialAction\":[{\"@type\":\"ReadAction\",\"target\":[\"https:\/\/www.espriu.es\/blog\/2026\/04\/28\/office-pod-360-pro-solution-espacio-de-trabajo-completo\/\"]}]},{\"@type\":\"Person\",\"@id\":\"https:\/\/www.espriu.es\/blog\/#\/schema\/person\/6c8e8e762449686d4557bc3d733054e1\",\"name\":\"Espriu\",\"image\":{\"@type\":\"ImageObject\",\"@id\":\"https:\/\/www.espriu.es\/blog\/#personlogo\",\"inLanguage\":\"es\",\"url\":\"https:\/\/secure.gravatar.com\/avatar\/3f26188c3f4a4dfed016f22d4d35f33b?s=96&d=mm&r=g\",\"caption\":\"Espriu\"},\"sameAs\":[\"http:\/\/espriu.comercial.cc\/blog\"]}]}<\/script>\n<!-- \/ Yoast SEO plugin. -->","_links":{"self":[{"href":"https:\/\/www.espriu.es\/blog\/wp-json\/wp\/v2\/posts\/983"}],"collection":[{"href":"https:\/\/www.espriu.es\/blog\/wp-json\/wp\/v2\/posts"}],"about":[{"href":"https:\/\/www.espriu.es\/blog\/wp-json\/wp\/v2\/types\/post"}],"author":[{"embeddable":true,"href":"https:\/\/www.espriu.es\/blog\/wp-json\/wp\/v2\/users\/1"}],"replies":[{"embeddable":true,"href":"https:\/\/www.espriu.es\/blog\/wp-json\/wp\/v2\/comments?post=983"}],"version-history":[{"count":1,"href":"https:\/\/www.espriu.es\/blog\/wp-json\/wp\/v2\/posts\/983\/revisions"}],"predecessor-version":[{"id":988,"href":"https:\/\/www.espriu.es\/blog\/wp-json\/wp\/v2\/posts\/983\/revisions\/988"}],"wp:featuredmedia":[{"embeddable":true,"href":"https:\/\/www.espriu.es\/blog\/wp-json\/wp\/v2\/media\/987"}],"wp:attachment":[{"href":"https:\/\/www.espriu.es\/blog\/wp-json\/wp\/v2\/media?parent=983"}],"wp:term":[{"taxonomy":"category","embeddable":true,"href":"https:\/\/www.espriu.es\/blog\/wp-json\/wp\/v2\/categories?post=983"},{"taxonomy":"post_tag","embeddable":true,"href":"https:\/\/www.espriu.es\/blog\/wp-json\/wp\/v2\/tags?post=983"}],"curies":[{"name":"wp","href":"https:\/\/api.w.org\/{rel}","templated":true}]}}